{"id":116886,"date":"2026-01-29T18:41:06","date_gmt":"2026-01-29T18:41:06","guid":{"rendered":"https:\/\/www.europesays.com\/lv\/116886\/"},"modified":"2026-01-29T18:41:06","modified_gmt":"2026-01-29T18:41:06","slug":"sacensibas-polija-liepajas-cikstoniem-zelts-un-bronza-irliepaja","status":"publish","type":"post","link":"https:\/\/www.europesays.com\/lv\/116886\/","title":{"rendered":"Sacens\u012bb\u0101s Polij\u0101 Liep\u0101jas c\u012bksto\u0146iem zelts un bronza \u00bb irLiep\u0101ja"},"content":{"rendered":"<p class=\"MsoNormal\" align=\"left\">Janv\u0101r\u012b&#13;<br \/>\nPozna\u0146\u0101 (Polija) tika aizvad\u012bts 34. starptautiskais turn\u012brs grie\u0137u &#8211; romie\u0161u&#13;<br \/>\nc\u012b\u0146\u0101 \u201cSobieski kauss\u201d U17 vecuma grup\u0101, kur\u0101 \u0161ogad piedal\u012bj\u0101s c\u012bksto\u0146i no se\u0161\u0101m&#13;<br \/>\nvalst\u012bm, taj\u0101 skait\u0101 Liep\u0101jas Kompleks\u0101s sporta skolas audz\u0113k\u0146i, inform\u0113\u00a0\u201cLiep\u0101jas Kompleks\u0101&#13;<br \/>\nsporta skola\u201d\u00a0preses p\u0101rst\u0101ve\u00a0Simona Laiveniece.<\/p>\n<p class=\"MsoNormal\" align=\"left\">\u00a0<\/p>\n<p class=\"MsoNormal\" align=\"left\">Treneris&#13;<br \/>\nArturs Jaunsleinis atzin\u012bgi nov\u0113rt\u0113 sasniegtos rezult\u0101us: \u201cPar \u010dempionu sav\u0101&#13;<br \/>\nsvara kategorij\u0101 k\u013cuva Ra\u010dislavs Andru\u0161k\u0113vi\u010ds (45kg), tre\u0161o vietu izc\u012bn\u012bja&#13;<br \/>\nKristers Freimanis (51kg), J\u0101nis Ruicis (71kg) un Aleks K\u013cava (80kg).\u201d<\/p>\n<p class=\"MsoNormal\" align=\"left\">\u00a0<\/p>\n<p class=\"MsoNormal\" align=\"left\">Kopv\u0113rt\u0113jum\u0101&#13;<br \/>\nLiep\u0101jas Kompleks\u0101s sporta skolas sportisti ierindoj\u0101s tre\u0161aj\u0101 viet\u0101 26 komandu&#13;<br \/>\nkonkrenc\u0113.<\/p>\n<p>\t\t\t\t\t\t\t\t\t<\/p>\n","protected":false},"excerpt":{"rendered":"Janv\u0101r\u012b&#13; Pozna\u0146\u0101 (Polija) tika aizvad\u012bts 34. starptautiskais turn\u012brs grie\u0137u &#8211; romie\u0161u&#13; c\u012b\u0146\u0101 \u201cSobieski kauss\u201d U17 vecuma grup\u0101, kur\u0101&hellip;\n","protected":false},"author":2,"featured_media":116887,"comment_status":"","ping_status":"","sticky":false,"template":"","format":"standard","meta":{"footnotes":""},"categories":[17],"tags":[35,39,38,36,37,34,40,67],"class_list":{"0":"post-116886","1":"post","2":"type-post","3":"status-publish","4":"format-standard","5":"has-post-thumbnail","7":"category-sports","8":"tag-latvia","9":"tag-latvian","10":"tag-latviesu","11":"tag-latviesu-valoda","12":"tag-latviesuvaloda","13":"tag-latvija","14":"tag-lv","15":"tag-sports"},"share_on_mastodon":{"url":"https:\/\/pubeurope.com\/@lv\/115979857616104813","error":""},"_links":{"self":[{"href":"https:\/\/www.europesays.com\/lv\/wp-json\/wp\/v2\/posts\/116886","targetHints":{"allow":["GET"]}}],"collection":[{"href":"https:\/\/www.europesays.com\/lv\/wp-json\/wp\/v2\/posts"}],"about":[{"href":"https:\/\/www.europesays.com\/lv\/wp-json\/wp\/v2\/types\/post"}],"author":[{"embeddable":true,"href":"https:\/\/www.europesays.com\/lv\/wp-json\/wp\/v2\/users\/2"}],"replies":[{"embeddable":true,"href":"https:\/\/www.europesays.com\/lv\/wp-json\/wp\/v2\/comments?post=116886"}],"version-history":[{"count":0,"href":"https:\/\/www.europesays.com\/lv\/wp-json\/wp\/v2\/posts\/116886\/revisions"}],"wp:featuredmedia":[{"embeddable":true,"href":"https:\/\/www.europesays.com\/lv\/wp-json\/wp\/v2\/media\/116887"}],"wp:attachment":[{"href":"https:\/\/www.europesays.com\/lv\/wp-json\/wp\/v2\/media?parent=116886"}],"wp:term":[{"taxonomy":"category","embeddable":true,"href":"https:\/\/www.europesays.com\/lv\/wp-json\/wp\/v2\/categories?post=116886"},{"taxonomy":"post_tag","embeddable":true,"href":"https:\/\/www.europesays.com\/lv\/wp-json\/wp\/v2\/tags?post=116886"}],"curies":[{"name":"wp","href":"https:\/\/api.w.org\/{rel}","templated":true}]}}