{"id":116899,"date":"2026-01-29T19:00:07","date_gmt":"2026-01-29T19:00:07","guid":{"rendered":"https:\/\/www.europesays.com\/lv\/116899\/"},"modified":"2026-01-29T19:00:07","modified_gmt":"2026-01-29T19:00:07","slug":"putins-solijis-nedelu-neuzbrukt-kijivai-pazino-tramps","status":"publish","type":"post","link":"https:\/\/www.europesays.com\/lv\/116899\/","title":{"rendered":"Putins sol\u012bjis ned\u0113\u013cu neuzbrukt Kijivai, pazi\u0146o Tramps"},"content":{"rendered":"<p>Krievijas triecieni Ukrainas energoapg\u0101des infrastrukt\u016brai ir atst\u0101ju\u0161i miljoniem cilv\u0113ku bez gaismas, apkures un \u016bdens barg\u0101 ziemas sal\u0101.<\/p>\n<p>&#8220;Sakar\u0101 ar aukstumu, \u0101rk\u0101rt\u0113ju aukstumu (..). Es person\u012bgi l\u016bdzu prezidentu Putinu ned\u0113\u013cu neap\u0161aud\u012bt Kijevu un [citas] pils\u0113tas,&#8221; vald\u012bbas s\u0113d\u0113 Baltaj\u0101 nam\u0101 pazi\u0146oja Tramps. &#8220;Tas nav vienk\u0101r\u0161s aukstums, tas ir \u0101rk\u0101rt\u0113js aukstums. Rekordliels aukstums, ar\u012b tur vi\u0146iem ir t\u0101ds pats,&#8221; vi\u0146\u0161 piebilda, sal\u012bdzinot laikapst\u0101k\u013cus Va\u0161ington\u0101 un Kijiv\u0101.<\/p>\n<p>&#8220;Vi\u0146i nekad nav piedz\u012bvoju\u0161i \u0161\u0101du aukstumu. Un es person\u012bgi l\u016bdzu prezidentu Putinu ned\u0113\u013cu ne\u0161aut uz Kijivu un da\u017e\u0101d\u0101m pils\u0113t\u0101m. Un vi\u0146\u0161 tam piekrita, un man jums j\u0101saka, ka tas bija \u013coti jauki,&#8221; pazi\u0146oja Tramps. Vi\u0146\u0161 pauda tic\u012bbu, ka Putins iev\u0113ros vieno\u0161anos.<\/p>\n<p>&#8220;Man jums j\u0101saka, ka cilv\u0113ki teica, ka nav v\u0113rts zvan\u012bt. J\u016bs to nepan\u0101ksiet. Un vi\u0146\u0161 to izdar\u012bja,&#8221; sac\u012bja Tramps. &#8220;Un m\u0113s esam \u013coti priec\u012bgi, ka vi\u0146i to izdar\u012bja, jo papildus visam citam vi\u0146iem nav vajadz\u012bgs, lai ra\u0137etes ielidotu vi\u0146u pils\u0113t\u0101s,&#8221; vi\u0146\u0161 piebilda.<\/p>\n<p>Ukrainas valsts meteorolo\u0123ijas a\u0123ent\u016bra ceturtdien prognoz\u0113ja, ka tuv\u0101kaj\u0101s dien\u0101s gaisa temperat\u016bra krasi pazemin\u0101sies l\u012bdz pat m\u012bnus 30 gr\u0101diem p\u0113c Celsija.<\/p>\n<p>Ukrainas prezidents Volodimirs Zelenskis tre\u0161dienas vakara uzrun\u0101 tautai br\u012bdin\u0101ja par jauniem Krievijas uzbrukumiem ener\u0123\u0113tikas objektiem.<\/p>\n<p>Tramps piebilda, ka ar ASV starpniec\u012bbu notiku\u0161aj\u0101s sarun\u0101s starp Kijivu un Maskavu par Krievijas s\u0101kt\u0101 kara Ukrain\u0101 izbeig\u0161anu pan\u0101kts liels progress.<\/p>\n","protected":false},"excerpt":{"rendered":"Krievijas triecieni Ukrainas energoapg\u0101des infrastrukt\u016brai ir atst\u0101ju\u0161i miljoniem cilv\u0113ku bez gaismas, apkures un \u016bdens barg\u0101 ziemas sal\u0101. &#8220;Sakar\u0101&hellip;\n","protected":false},"author":2,"featured_media":116900,"comment_status":"","ping_status":"","sticky":false,"template":"","format":"standard","meta":{"footnotes":""},"categories":[14],"tags":[23,57,28,29,542,32,33,22,30,31,35,39,38,36,37,34,40,20,26,27,24,25,235,54,55,56,21,58],"class_list":{"0":"post-116899","1":"post","2":"type-post","3":"status-publish","4":"format-standard","5":"has-post-thumbnail","7":"category-zinas-no-arvalstim","8":"tag-aktualitates","9":"tag-arvalstim","10":"tag-breaking-news","11":"tag-breakingnews","12":"tag-donalds-tramps","13":"tag-featured-news","14":"tag-featurednews","15":"tag-headlines","16":"tag-latest-news","17":"tag-latestnews","18":"tag-latvia","19":"tag-latvian","20":"tag-latviesu","21":"tag-latviesu-valoda","22":"tag-latviesuvaloda","23":"tag-latvija","24":"tag-lv","25":"tag-news","26":"tag-popularakas-zinas","27":"tag-popularakaszinas","28":"tag-top-stories","29":"tag-topstories","30":"tag-vladimirs-putins","31":"tag-world","32":"tag-world-news","33":"tag-worldnews","34":"tag-zinas","35":"tag-zinas-no-arvalstim"},"share_on_mastodon":{"url":"https:\/\/pubeurope.com\/@lv\/115979932335961015","error":""},"_links":{"self":[{"href":"https:\/\/www.europesays.com\/lv\/wp-json\/wp\/v2\/posts\/116899","targetHints":{"allow":["GET"]}}],"collection":[{"href":"https:\/\/www.europesays.com\/lv\/wp-json\/wp\/v2\/posts"}],"about":[{"href":"https:\/\/www.europesays.com\/lv\/wp-json\/wp\/v2\/types\/post"}],"author":[{"embeddable":true,"href":"https:\/\/www.europesays.com\/lv\/wp-json\/wp\/v2\/users\/2"}],"replies":[{"embeddable":true,"href":"https:\/\/www.europesays.com\/lv\/wp-json\/wp\/v2\/comments?post=116899"}],"version-history":[{"count":0,"href":"https:\/\/www.europesays.com\/lv\/wp-json\/wp\/v2\/posts\/116899\/revisions"}],"wp:featuredmedia":[{"embeddable":true,"href":"https:\/\/www.europesays.com\/lv\/wp-json\/wp\/v2\/media\/116900"}],"wp:attachment":[{"href":"https:\/\/www.europesays.com\/lv\/wp-json\/wp\/v2\/media?parent=116899"}],"wp:term":[{"taxonomy":"category","embeddable":true,"href":"https:\/\/www.europesays.com\/lv\/wp-json\/wp\/v2\/categories?post=116899"},{"taxonomy":"post_tag","embeddable":true,"href":"https:\/\/www.europesays.com\/lv\/wp-json\/wp\/v2\/tags?post=116899"}],"curies":[{"name":"wp","href":"https:\/\/api.w.org\/{rel}","templated":true}]}}