{"id":116901,"date":"2026-01-29T19:02:05","date_gmt":"2026-01-29T19:02:05","guid":{"rendered":"https:\/\/www.europesays.com\/lv\/116901\/"},"modified":"2026-01-29T19:02:05","modified_gmt":"2026-01-29T19:02:05","slug":"saeima-arpolitikas-debates-latvijai-un-eiropai-jabut-izlemigakai-un-ari-autobuss-uz-krieviju-ir-arpolitika-lsm","status":"publish","type":"post","link":"https:\/\/www.europesays.com\/lv\/116901\/","title":{"rendered":"Saeim\u0101 \u0101rpolitikas debates \u2013 Latvijai un Eiropai \u00abj\u0101b\u016bt izl\u0113m\u012bg\u0101kai\u00bb un \u00abar\u012b autobuss uz Krieviju ir \u0101rpolitika\u00bb &#8211; LSM"},"content":{"rendered":"<ol>\n<li><a href=\"https:\/\/news.google.com\/rss\/articles\/CBMi-gFBVV95cUxPR0tSbHU5YWd5TkFROFlNX2NLYlF3LURrajRQWk4yNHBraENWNzVYOHl3LW15aXpRUjFYM3BoT0JSZGdnQi1ZN1lNaTFaSVBzWTk2eHdtdUZrT1VOY09nN0tYcU4zTnU4WllKTXQ0NTFTMTYtaXA0MFVfdzZnYVoyVzVYSENHMlgteHB2eVgzUGZjOUpna2lvWnBRU2FzcjVlRHY0NDJ6YkVGY3hwcVlxU1NnUlAwUmhpYVRXLWY5Unc5XzNnT25RaUExd1A5OVE0MnkxM284TlptLWJfY0FxdzFzUkdCRGVwOEpxc1NneG1kSmYtOHlLekh3?oc=5\" target=\"_blank\" rel=\"nofollow noopener\">Saeim\u0101 \u0101rpolitikas debates \u2013 Latvijai un Eiropai \u00abj\u0101b\u016bt izl\u0113m\u012bg\u0101kai\u00bb un \u00abar\u012b autobuss uz Krieviju ir \u0101rpolitika\u00bb<\/a>&nbsp;&nbsp;LSM<\/li>\n<li><a href=\"https:\/\/news.google.com\/rss\/articles\/CBMihwJBVV95cUxOQ2d0SDN2ZjhhSmZ5ZmFmRlF0RC15MnBFV25rcDFmNzNqaXRmU0k2aXgtUTJpUGFmM2NzZXBHcWdYNW93T2p1UUYwX2JxVEJHaTdWX2RndWVLNktyWm5sM01kNWNXUGJPWDJWVUY4bW05bFNfdnJydFQ2eC1RNFRDc1VyYzBQdkhmMmg5Y2xvaHNGVlhScF9HdFFVb2o5N2lpd2x2OElTazRwR2VCQ0Y3ZzdiWXF6WkZyRzYyQTc2TGNzUkxBM0tIZ3p4OG9ibGdhRFBRY2pmR2JZempOaks5d0MtVlc1N1F5cDBrZzBxNkdtT2hEVmRIWV9yc2UxUHRQdXUzYlFWSQ?oc=5\" target=\"_blank\" rel=\"nofollow noopener\">TIE\u0160RAIDE: Saeim\u0101 \u0101rpolitikas debates \u2013 Latvijai un Eiropai \u00abj\u0101b\u016bt izl\u0113m\u012bg\u0101kai\u00bb un \u00abar\u012b autobuss uz Krieviju ir \u0101rpolitika\u00bb<\/a>&nbsp;&nbsp;LSM<\/li>\n<li><a href=\"https:\/\/news.google.com\/rss\/articles\/CBMivgFBVV95cUxQamJTYjVmMkV0SUpKZl9HSjA5V0ZfcldEbVVhcW1oNE40WkE0djBKa1E1YkpxbUVPLWVHTHZXeUhiRUd3U192YXNlWkc1UExtN0g3SnN2NG5ydHphTGQwaG1PRktYQnY3UTZXem9GVmdOQktNckNhUDRmbjNQWVREWGZJaW9fNkRqY091RW9QTVZ2TXJzS19CV25Uc0FjLUFnSGFNUmpFbFMxWnZPQW92Tl8wTi04SXdlbzI2NEtR?oc=5\" target=\"_blank\" rel=\"nofollow noopener\">Run\u0101t pret\u012b vai paklus\u0113t? \u0100rpolitikas deba\u0161u fokus\u0101 Latvijas attiec\u012bbas ar ASV<\/a>&nbsp;&nbsp;Delfi<\/li>\n<li><a href=\"https:\/\/news.google.com\/rss\/articles\/CBMirgFBVV95cUxNRjdGRzhSU3d3eWFiOVdrZmNkNzdvZ3ZyeXFTY1h0Y2JIdFRUMjB1dHNQR0M4cE9kUzY3bXotcnRtZzNENU53N0Z6SWZGR0REQXlwb2h2N0RtRlVud2JQSFV2WllNM0pfOUJCbEIwMmFsOTlhSE1kbXdMbFlOVFpmVExpcVAzMHdoaV91MTBYUFlkZk1FRDRPa29HbGJyZFprSWNYQzJNMFZSNGlCQmc?oc=5\" target=\"_blank\" rel=\"nofollow noopener\">Sili\u0146a: Latvija \u0161obr\u012bd ir dro\u0161\u012bb\u0101, tie\u0161ais milit\u0101rais apdraud\u0113jums ir zems<\/a>&nbsp;&nbsp;Jauns.lv<\/li>\n<li><a href=\"https:\/\/news.google.com\/rss\/articles\/CBMipAFBVV95cUxPdFJJaTlZcGROdHU1d1hLNTFQdTNqaHppU1FjTm05MkRaOENYWUViaFZiUm5oNlR4Z29UM1dDSHRtRGZFVENCdFQzY3p4eDBYdWpTbG9Eajk2cEtvdW9RSktXTko1QWtjaVZGMDQ3aUZlQl9qYnEwMUpvcFQ2dldPaHZ5c3hnX0lCVGtTY2dyX1p2dmZqMHFIOEZsQTVwSTJvMW1kZg?oc=5\" target=\"_blank\" rel=\"nofollow noopener\">Ministrs: Pasaul\u0113 notiek izmai\u0146as, kas cilv\u0113kiem ar\u012b Latvij\u0101 rada nedro\u0161\u012bbu<\/a>&nbsp;&nbsp;TVNET<\/li>\n<\/ol>\n","protected":false},"excerpt":{"rendered":"Saeim\u0101 \u0101rpolitikas debates \u2013 Latvijai un Eiropai \u00abj\u0101b\u016bt izl\u0113m\u012bg\u0101kai\u00bb un \u00abar\u012b autobuss uz Krieviju ir \u0101rpolitika\u00bb&nbsp;&nbsp;LSM TIE\u0160RAIDE: Saeim\u0101&hellip;\n","protected":false},"author":2,"featured_media":114652,"comment_status":"","ping_status":"","sticky":false,"template":"","format":"standard","meta":{"footnotes":""},"categories":[5],"tags":[23,28,29,32,33,22,30,31,35,39,38,36,37,34,40,20,26,27,24,25,21],"class_list":{"0":"post-116901","1":"post","2":"type-post","3":"status-publish","4":"format-standard","5":"has-post-thumbnail","7":"category-aktualitates","8":"tag-aktualitates","9":"tag-breaking-news","10":"tag-breakingnews","11":"tag-featured-news","12":"tag-featurednews","13":"tag-headlines","14":"tag-latest-news","15":"tag-latestnews","16":"tag-latvia","17":"tag-latvian","18":"tag-latviesu","19":"tag-latviesu-valoda","20":"tag-latviesuvaloda","21":"tag-latvija","22":"tag-lv","23":"tag-news","24":"tag-popularakas-zinas","25":"tag-popularakaszinas","26":"tag-top-stories","27":"tag-topstories","28":"tag-zinas"},"share_on_mastodon":{"url":"https:\/\/pubeurope.com\/@lv\/115979940141431661","error":""},"_links":{"self":[{"href":"https:\/\/www.europesays.com\/lv\/wp-json\/wp\/v2\/posts\/116901","targetHints":{"allow":["GET"]}}],"collection":[{"href":"https:\/\/www.europesays.com\/lv\/wp-json\/wp\/v2\/posts"}],"about":[{"href":"https:\/\/www.europesays.com\/lv\/wp-json\/wp\/v2\/types\/post"}],"author":[{"embeddable":true,"href":"https:\/\/www.europesays.com\/lv\/wp-json\/wp\/v2\/users\/2"}],"replies":[{"embeddable":true,"href":"https:\/\/www.europesays.com\/lv\/wp-json\/wp\/v2\/comments?post=116901"}],"version-history":[{"count":0,"href":"https:\/\/www.europesays.com\/lv\/wp-json\/wp\/v2\/posts\/116901\/revisions"}],"wp:featuredmedia":[{"embeddable":true,"href":"https:\/\/www.europesays.com\/lv\/wp-json\/wp\/v2\/media\/114652"}],"wp:attachment":[{"href":"https:\/\/www.europesays.com\/lv\/wp-json\/wp\/v2\/media?parent=116901"}],"wp:term":[{"taxonomy":"category","embeddable":true,"href":"https:\/\/www.europesays.com\/lv\/wp-json\/wp\/v2\/categories?post=116901"},{"taxonomy":"post_tag","embeddable":true,"href":"https:\/\/www.europesays.com\/lv\/wp-json\/wp\/v2\/tags?post=116901"}],"curies":[{"name":"wp","href":"https:\/\/api.w.org\/{rel}","templated":true}]}}