{"id":116912,"date":"2026-01-29T19:13:08","date_gmt":"2026-01-29T19:13:08","guid":{"rendered":"https:\/\/www.europesays.com\/lv\/116912\/"},"modified":"2026-01-29T19:13:08","modified_gmt":"2026-01-29T19:13:08","slug":"latvijas-pasazieru-parvadataju-asociacija-svinka-nesaprot-kas-notiek-nozare","status":"publish","type":"post","link":"https:\/\/www.europesays.com\/lv\/116912\/","title":{"rendered":"Latvijas Pasa\u017eieru p\u0101rvad\u0101t\u0101ju asoci\u0101cija: \u0160vinka nesaprot, kas notiek nozar\u0113"},"content":{"rendered":"<p>    <img decoding=\"async\" src=\"https:\/\/www.europesays.com\/lv\/wp-content\/uploads\/2025\/11\/LET_24866842-1024x687.jpg\" alt=\"&#10; Atis \u0160vinka &#10;\"\/><\/p>\n<p> Atis \u0160vinka <\/p>\n<p>Foto. LETA\/Lita Millere\n<\/p>\n<p>21:07, 29. janv\u0101ris 2026<\/p>\n<p>Latvijas Pasa\u017eieru p\u0101rvad\u0101t\u0101ju asoci\u0101cija, kura p\u0101rst\u0101v 25 pasa\u017eieru p\u0101rvad\u0101t\u0101jus, ir negat\u012bvi p\u0101rsteigta par ministra publiskajiem uzbrukumiem nozarei LTV \u201c\u0160odienas jaut\u0101jums\u201d raid\u012bjum\u0101 (28.01.2026.), izmantojot apmelojo\u0161u un dezinform\u0113jo\u0161u inform\u0101ciju, kas tikai v\u0113lreiz apliecina ministra nekompetenci par nozari, k\u0101 rezult\u0101t\u0101 var tikt ietekm\u0113ta pasa\u017eieru p\u0101rvad\u0101jumu pieejam\u012bbu re\u0123iona iedz\u012bvot\u0101jiem.<\/p>\n<p>        Las\u012bt\u0101kie<br \/>\n        <a data-imagesrc=\"{&quot;300&quot;:&quot;https:\\\/\\\/lastatic.ams3.cdn.digitaloceanspaces.com\\\/2026\\\/01\\\/pexels-laura-lumimaa-1119727985-20836989-300x200.jpg&quot;,&quot;1024&quot;:&quot;https:\\\/\\\/lastatic.ams3.cdn.digitaloceanspaces.com\\\/2026\\\/01\\\/pexels-laura-lumimaa-1119727985-20836989-1024x683.jpg&quot;,&quot;1536&quot;:&quot;https:\\\/\\\/lastatic.ams3.cdn.digitaloceanspaces.com\\\/2026\\\/01\\\/pexels-laura-lumimaa-1119727985-20836989-1536x1024.jpg&quot;,&quot;500&quot;:&quot;https:\\\/\\\/lastatic.ams3.cdn.digitaloceanspaces.com\\\/2026\\\/01\\\/pexels-laura-lumimaa-1119727985-20836989-500x333.jpg&quot;,&quot;800&quot;:&quot;https:\\\/\\\/lastatic.ams3.cdn.digitaloceanspaces.com\\\/2026\\\/01\\\/pexels-laura-lumimaa-1119727985-20836989-800x533.jpg&quot;,&quot;2560&quot;:&quot;https:\\\/\\\/lastatic.ams3.cdn.digitaloceanspaces.com\\\/2026\\\/01\\\/pexels-laura-lumimaa-1119727985-20836989-scaled.jpg&quot;}\" data-focuspoint=\"&quot;&quot;\" data-p=\"2502146\" href=\"https:\/\/www.la.lv\/ziemas-mokas-ir-smagas-5-zodiaka-zimes-kas-aukstumu-necies-ne-acu-gala\" class=\"content-item lazy-load\" wp_automatic_readability=\"26.5\" rel=\"nofollow noopener\" target=\"_blank\"><\/p>\n<p>                                <img decoding=\"async\" src=\"\" alt=\"\" style=\"\" data-imageid=\"\"\/><\/p>\n<p>                                Kokteilis<\/p>\n<p>\n                                                Ziemas mokas ir smagas. 5 zodiaka z\u012bmes, kas aukstumu necie\u0161 ne acu gal\u0101\n                            <\/p>\n<p><\/a><a data-imagesrc=\"{&quot;300&quot;:&quot;https:\\\/\\\/lastatic.ams3.cdn.digitaloceanspaces.com\\\/2022\\\/02\\\/makrons_putins-300x208.jpg&quot;,&quot;1024&quot;:&quot;https:\\\/\\\/lastatic.ams3.cdn.digitaloceanspaces.com\\\/2022\\\/02\\\/makrons_putins-1024x709.jpg&quot;,&quot;768&quot;:&quot;https:\\\/\\\/lastatic.ams3.cdn.digitaloceanspaces.com\\\/2022\\\/02\\\/makrons_putins-768x531.jpg&quot;,&quot;200&quot;:&quot;https:\\\/\\\/lastatic.ams3.cdn.digitaloceanspaces.com\\\/2022\\\/02\\\/makrons_putins-200x138.jpg&quot;,&quot;400&quot;:&quot;https:\\\/\\\/lastatic.ams3.cdn.digitaloceanspaces.com\\\/2022\\\/02\\\/makrons_putins-400x277.jpg&quot;,&quot;500&quot;:&quot;https:\\\/\\\/lastatic.ams3.cdn.digitaloceanspaces.com\\\/2022\\\/02\\\/makrons_putins-500x346.jpg&quot;,&quot;800&quot;:&quot;https:\\\/\\\/lastatic.ams3.cdn.digitaloceanspaces.com\\\/2022\\\/02\\\/makrons_putins-800x554.jpg&quot;,&quot;1000&quot;:&quot;https:\\\/\\\/lastatic.ams3.cdn.digitaloceanspaces.com\\\/2022\\\/02\\\/makrons_putins-1000x692.jpg&quot;,&quot;1208&quot;:&quot;https:\\\/\\\/lastatic.ams3.cdn.digitaloceanspaces.com\\\/2022\\\/02\\\/makrons_putins.jpg&quot;}\" data-focuspoint=\"&quot;&quot;\" data-p=\"2502038\" href=\"https:\/\/www.la.lv\/ukrainai-tas-nepatiks-mediji-atklaj-klusu-bet-iespaidigu-francijas-un-krievijas-sadarbibu\" class=\"content-item lazy-load\" wp_automatic_readability=\"26.5\" rel=\"nofollow noopener\" target=\"_blank\"><\/p>\n<p>                                <img decoding=\"async\" src=\"\" alt=\"\" style=\"\" data-imageid=\"\"\/><\/p>\n<p>\n                                                Ukrainai tas nepatiks: mediji atkl\u0101j klusu, bet iespaid\u012bgu Francijas un Krievijas sadarb\u012bbu<\/p>\n<p><\/a><a data-imagesrc=\"{&quot;300&quot;:&quot;https:\\\/\\\/lastatic.ams3.cdn.digitaloceanspaces.com\\\/2023\\\/09\\\/LET_24527770-300x194.jpg&quot;,&quot;1024&quot;:&quot;https:\\\/\\\/lastatic.ams3.cdn.digitaloceanspaces.com\\\/2023\\\/09\\\/LET_24527770-1024x662.jpg&quot;,&quot;768&quot;:&quot;https:\\\/\\\/lastatic.ams3.cdn.digitaloceanspaces.com\\\/2023\\\/09\\\/LET_24527770-768x497.jpg&quot;,&quot;1536&quot;:&quot;https:\\\/\\\/lastatic.ams3.cdn.digitaloceanspaces.com\\\/2023\\\/09\\\/LET_24527770-1536x993.jpg&quot;,&quot;2048&quot;:&quot;https:\\\/\\\/lastatic.ams3.cdn.digitaloceanspaces.com\\\/2023\\\/09\\\/LET_24527770-2048x1324.jpg&quot;,&quot;200&quot;:&quot;https:\\\/\\\/lastatic.ams3.cdn.digitaloceanspaces.com\\\/2023\\\/09\\\/LET_24527770-200x129.jpg&quot;,&quot;400&quot;:&quot;https:\\\/\\\/lastatic.ams3.cdn.digitaloceanspaces.com\\\/2023\\\/09\\\/LET_24527770-400x259.jpg&quot;,&quot;500&quot;:&quot;https:\\\/\\\/lastatic.ams3.cdn.digitaloceanspaces.com\\\/2023\\\/09\\\/LET_24527770-500x323.jpg&quot;,&quot;800&quot;:&quot;https:\\\/\\\/lastatic.ams3.cdn.digitaloceanspaces.com\\\/2023\\\/09\\\/LET_24527770-800x517.jpg&quot;,&quot;1000&quot;:&quot;https:\\\/\\\/lastatic.ams3.cdn.digitaloceanspaces.com\\\/2023\\\/09\\\/LET_24527770-1000x647.jpg&quot;,&quot;2560&quot;:&quot;https:\\\/\\\/lastatic.ams3.cdn.digitaloceanspaces.com\\\/2023\\\/09\\\/LET_24527770-scaled.jpg&quot;}\" data-focuspoint=\"&quot;&quot;\" data-p=\"2502290\" href=\"https:\/\/www.la.lv\/tauta-cienitais-aktieris-gundars-abolins-bridina-par-ko-aizdomigu-garciema\" class=\"content-item lazy-load\" wp_automatic_readability=\"26\" rel=\"nofollow noopener\" target=\"_blank\"><\/p>\n<p>                                <img decoding=\"async\" src=\"\" alt=\"\" style=\"\" data-imageid=\"\"\/><\/p>\n<p>                                            Taut\u0101 cien\u012btais aktieris Gundars \u0100boli\u0146\u0161 br\u012bdina par ko aizdom\u012bgu Garciem\u0101<\/p>\n<p><\/a><br \/>\n        <a class=\"read-more\" href=\"https:\/\/www.la.lv\/top\" rel=\"nofollow noopener\" target=\"_blank\">Las\u012bt citas zi\u0146as<\/a><\/p>\n<p>Asoci\u0101cija aicina satiksmes ministru Ati \u0160vinku neizmantot principu \u201cjebk\u0101di l\u012bdzek\u013ci attaisno m\u0113r\u0137us\u201d, bet gan vair\u0101k dom\u0101t par re\u0123iona iedz\u012bvot\u0101jiem un mekl\u0113t jau t\u016bl\u012bt\u0113jus risin\u0101jumus situ\u0101cijas stabiliz\u0113\u0161anai, \u0146emot v\u0113r\u0101, ka gadu sarunas ir ieg\u0101ju\u0161as strupce\u013c\u0101 un no SIA \u201cAutotransporta direkcija\u201d (ATD) un ministrijas nav biju\u0161a neviena re\u0101la risin\u0101juma, k\u0101 tikai utopisku n\u0101kotnes eksperimentu z\u012bm\u0113\u0161ana, ugunsgr\u0113ku dz\u0113\u0161ana pa\u0161u neizdar\u012bbai un pretdarb\u012bba.<\/p>\n<p>\u201cBiedr\u012bba \u201cLatvijas Pasa\u017eieru p\u0101rvad\u0101t\u0101ju asoci\u0101cija\u201d ir neizpratn\u0113 par k\u0101rt\u0113j\u0101m satiksmes ministra manipul\u0101cij\u0101m ar datiem un sabiedr\u012bbas maldin\u0101\u0161anu, vakardienas Latvijas telev\u012bzijas raid\u012bjum\u0101 \u201c\u0160odienas jaut\u0101jums\u201d. 27.janv\u0101r\u012b tik\u0161an\u0101s laik\u0101 ministrs nor\u0101d\u012bja, ka ir par atkl\u0101tumu, tom\u0113r v\u0101rdi at\u0161\u0137iras no darbiem,\u201d nor\u0101d\u012bja Ivo O\u0161enieks, Latvijas Pasa\u017eieru p\u0101rvad\u0101t\u0101ju asoci\u0101cijas prezidents.<\/p>\n<p>    CITI \u0160OBR\u012aD LASA<\/p>\n<p>Ministra raid\u012bjum\u0101 min\u0113tie 3,9 miljoni papildus pie\u0161\u0137irtie l\u012bdzek\u013ci 2025.gad\u0101 zaud\u0113jumu seg\u0161anai, no kuriem gan tikai 1,7 milj. ir pasa\u017eieru p\u0101rvad\u0101t\u0101jiem ar autobusiem, nerisina nozares samilzu\u0161\u0101s probl\u0113mas, bet gan aizpild\u012bja naudas iztr\u016bkumu, kuram jau bija s\u0101kotn\u0113ji j\u0101b\u016bt iek\u013cautam pamata bud\u017eet\u0101. Papildus finans\u0113jums nosedza p\u0101rvad\u0101t\u0101jiem 2025.gad\u0101 tikai zaud\u0113jumus l\u012bdz ilgtermi\u0146u l\u012bgumcenai. \u0160ie l\u012bdzek\u013ci nek\u0101d\u0101 veid\u0101 nerisina 2026.gada l\u012bdzek\u013cu iztr\u016bkumu bud\u017eet\u0101.<\/p>\n<p>Maldino\u0161a inform\u0101cija tika pasniegta ar\u012b par nesen nosl\u0113gu\u0161os iepirkuma Limba\u017ei \u2013 Sigulda lot\u0113 pakalpojuma cenu. Jaun\u0101 l\u012bguma cena 1,37 eur\/km b\u016btiski p\u0101rsniedz iepriek\u0161 nosl\u0113gto ilgtermi\u0146u l\u012bgumu vid\u0113jo cenu 1,11 eur\/km. Sal\u012bdzin\u0101t \u012bstermi\u0146a 1-1,5 gada l\u012bguma (tie\u0161ais pie\u0161\u0137\u012brums) cenu ar konkursa proced\u016br\u0101 l\u012bgumu uz 4 gadiem (izdalot uz vienu gadu) ir nekorekti. Pasniegt\u0101 inform\u0101cija prim\u0101ri nav ministra r\u012bc\u012bb\u0101, l\u012bdz ar to var pie\u0146emt, ka \u0161\u0101di tiek pasniegts jau no valsts SIA \u201cAutotransporta direkcija\u201d.<\/p>\n<p>Vakardienas ministra izteikumi nep\u0101rprotami apliecina ka Latvijas Pasa\u017eieru p\u0101rvad\u0101t\u0101ju asoci\u0101cijas v\u0113r\u0161an\u0101s pie ministru prezidentes par satiksmes ministra atsauk\u0161anu ir pamatots, jo nerodas iespaids, ka satiksmes ministrs patiesi saprot, kas notiek nozar\u0113. <\/p>\n<p>T\u0113mas<\/p>\n<p>    SAIST\u012aTIE RAKSTI<\/p>\n","protected":false},"excerpt":{"rendered":"Atis \u0160vinka Foto. LETA\/Lita Millere 21:07, 29. janv\u0101ris 2026 Latvijas Pasa\u017eieru p\u0101rvad\u0101t\u0101ju asoci\u0101cija, kura p\u0101rst\u0101v 25 pasa\u017eieru p\u0101rvad\u0101t\u0101jus,&hellip;\n","protected":false},"author":2,"featured_media":55955,"comment_status":"","ping_status":"","sticky":false,"template":"","format":"standard","meta":{"footnotes":""},"categories":[12],"tags":[23,28,29,32,33,22,30,31,35,39,38,36,37,34,40,20,26,27,24,25,21],"class_list":{"0":"post-116912","1":"post","2":"type-post","3":"status-publish","4":"format-standard","5":"has-post-thumbnail","7":"category-latvija","8":"tag-aktualitates","9":"tag-breaking-news","10":"tag-breakingnews","11":"tag-featured-news","12":"tag-featurednews","13":"tag-headlines","14":"tag-latest-news","15":"tag-latestnews","16":"tag-latvia","17":"tag-latvian","18":"tag-latviesu","19":"tag-latviesu-valoda","20":"tag-latviesuvaloda","21":"tag-latvija","22":"tag-lv","23":"tag-news","24":"tag-popularakas-zinas","25":"tag-popularakaszinas","26":"tag-top-stories","27":"tag-topstories","28":"tag-zinas"},"share_on_mastodon":{"url":"https:\/\/pubeurope.com\/@lv\/115979983489582262","error":""},"_links":{"self":[{"href":"https:\/\/www.europesays.com\/lv\/wp-json\/wp\/v2\/posts\/116912","targetHints":{"allow":["GET"]}}],"collection":[{"href":"https:\/\/www.europesays.com\/lv\/wp-json\/wp\/v2\/posts"}],"about":[{"href":"https:\/\/www.europesays.com\/lv\/wp-json\/wp\/v2\/types\/post"}],"author":[{"embeddable":true,"href":"https:\/\/www.europesays.com\/lv\/wp-json\/wp\/v2\/users\/2"}],"replies":[{"embeddable":true,"href":"https:\/\/www.europesays.com\/lv\/wp-json\/wp\/v2\/comments?post=116912"}],"version-history":[{"count":0,"href":"https:\/\/www.europesays.com\/lv\/wp-json\/wp\/v2\/posts\/116912\/revisions"}],"wp:featuredmedia":[{"embeddable":true,"href":"https:\/\/www.europesays.com\/lv\/wp-json\/wp\/v2\/media\/55955"}],"wp:attachment":[{"href":"https:\/\/www.europesays.com\/lv\/wp-json\/wp\/v2\/media?parent=116912"}],"wp:term":[{"taxonomy":"category","embeddable":true,"href":"https:\/\/www.europesays.com\/lv\/wp-json\/wp\/v2\/categories?post=116912"},{"taxonomy":"post_tag","embeddable":true,"href":"https:\/\/www.europesays.com\/lv\/wp-json\/wp\/v2\/tags?post=116912"}],"curies":[{"name":"wp","href":"https:\/\/api.w.org\/{rel}","templated":true}]}}