{"id":116917,"date":"2026-01-29T19:19:09","date_gmt":"2026-01-29T19:19:09","guid":{"rendered":"https:\/\/www.europesays.com\/lv\/116917\/"},"modified":"2026-01-29T19:19:09","modified_gmt":"2026-01-29T19:19:09","slug":"izskan-bazas-par-arvalstu-ietekmi-gaidamajas-saeimas-velesanas","status":"publish","type":"post","link":"https:\/\/www.europesays.com\/lv\/116917\/","title":{"rendered":"Izskan ba\u017eas par \u0101rvalstu ietekmi gaid\u0101maj\u0101s Saeimas v\u0113l\u0113\u0161an\u0101s"},"content":{"rendered":"<p class=\"descr\">Palielin\u0101s risks, ka Krievija un citas pret Latviju nelabv\u0113l\u012bgi noska\u0146otas valstis var\u0113tu m\u0113\u0123in\u0101t ietekm\u0113t ruden\u012b gaid\u0101m\u0101s Saeimas v\u0113l\u0113\u0161anas, izmantojot arvien pla\u0161\u0101kas ietekmes kampa\u0146as un m\u0101ksl\u012bg\u0101 intelekta iesp\u0113jas, Ministru kabineta un nevalstisko organiz\u0101ciju sadarb\u012bbas memoranda \u012bsteno\u0161anas padomes s\u0113d\u0113 atzina NATO Strat\u0113\u0123isk\u0101s komunik\u0101cijas izcil\u012bbas centra direktors J\u0101nis S\u0101rts.<\/p>\n<p>Vi\u0146\u0161 nor\u0101d\u012bja, ka \u0161obr\u012bd main\u0101s<a href=\"https:\/\/nra.lv\/latvija\/511578-krievija-meginas-iejaukties-saeimas-velesanas.htm\" data-item-link=\"true\" data-item-id=\"511578\" rel=\"nofollow noopener\" target=\"_blank\"> \u0101rvalstu ietekmes<\/a> oper\u0101ciju raksturs &#8211; t\u0101s k\u013c\u016bst l\u0113t\u0101kas, masveid\u012bg\u0101kas un tehnolo\u0123iski att\u012bst\u012bt\u0101kas, t\u0101d\u0113j\u0101di palielinot riskus ar\u012b Latvijai. &#8220;Ja l\u012bdz \u0161im ietekmes oper\u0101cijas bija sav\u0101 veid\u0101 amatniec\u012bba, tad \u0161obr\u012bd m\u0113s redzam industrializ\u0101ciju,&#8221; uzsv\u0113ra S\u0101rts.<\/p>\n<p>P\u0113c vi\u0146a sac\u012bt\u0101, m\u0101ksl\u012bgais intelekts arvien bie\u017e\u0101k tiek izmantots gan satura masveida \u0123ener\u0113\u0161anai, gan viltus profilu un automatiz\u0113tu &#8220;sarunu dal\u012bbnieku&#8221; att\u012bst\u012b\u0161anai, kas sp\u0113j izskat\u012bties un uzvesties k\u0101 \u012bsti cilv\u0113ki. \u012apa\u0161i satrauco\u0161a tendence ir \u0161\u0101du kontu iek\u013c\u016b\u0161ana maz\u0101s intere\u0161u kopien\u0101s un diskusiju grup\u0101s, kur tie var m\u0113\u0123in\u0101t p\u0101r\u0146emt sarunu dinamiku un virz\u012bt diskusijas noteikt\u0101 virzien\u0101, izplatot sev v\u0113lamus narat\u012bvus, atzina <a href=\"https:\/\/nra.lv\/latvija\/512269-maksligais-intelekts-un-velesanu-drosiba-latvija-ekspertu-bridinajumi.htm\" data-item-link=\"true\" data-item-id=\"512269\" rel=\"nofollow noopener\" target=\"_blank\">S\u0101rts<\/a>.<\/p>\n<p>Vi\u0146\u0161 ar\u012b br\u012bdin\u0101ja, ka manipul\u0101cijas ir b\u016btiski sp\u0113t atpaz\u012bt un nov\u0113rst laikus &#8211; v\u0113l\u0113\u0161anu proces\u0101 iz\u0161\u0137iro\u0161a noz\u012bme ir sabiedr\u012bbas uztic\u012bbai. Iest\u0101d\u0113m, konstat\u0113jot iesp\u0113jami manipulat\u012bvu saturu, tas j\u0101p\u0101rbauda nekav\u0113joties un, ja nepiecie\u0161ams, j\u0101izmanto atbilsto\u0161i tiesiskie instrumenti, uzsv\u0113ra S\u0101rts.<\/p>\n<p>Savuk\u0101rt Valsts kancelejas direktors Raivis Kronbergs atkl\u0101ja, ka Latvija jau ir s\u0101kusi koordin\u0113tu gatavo\u0161anos, lai stiprin\u0101tu notur\u012bbu pret \u0101r\u0113jiem apdraud\u0113jumiem Saeimas v\u0113l\u0113\u0161anu proces\u0101. &#8220;Valsts p\u0101rvalde pret \u0161o risku izturas nopietni un stiprina gatav\u012bbu draudus savlaic\u012bgi identific\u0113t un mazin\u0101t, tostarp pilnveidojot starpinstitucion\u0101lo sadarb\u012bbu un iesaistot ekspertus,&#8221; sac\u012bja Kronbergs un piebilda, ka b\u016btiska loma \u0161aj\u0101 proces\u0101 ir ar\u012b nevalstiskaj\u0101m organiz\u0101cij\u0101m.<\/p>\n<p>Jau v\u0113st\u012bts, ka \u0161om\u0113nes tika atbalst\u012bta starpinstit\u016bciju darba grupas izveide, kuras uzdevumi b\u016bs identific\u0113t un vad\u012bt riskus, lai nodro\u0161in\u0101tu dro\u0161u un demokr\u0101tisku \u0161\u012b gada ruden\u012b gaid\u0101mo Saeimas v\u0113l\u0113\u0161anu norisi.<\/p>\n<p>R\u012bkojuma projekta anot\u0101cij\u0101 skaidrots, ka god\u012bgu, demokr\u0101tisku un caurskat\u0101mu Saeimas v\u0113l\u0113\u0161anu norisei nepiecie\u0161ama vair\u0101ku instit\u016bciju iesaiste, kas r\u016bp\u0113tos gan par fizisk\u0101s dro\u0161\u012bbas, gan digit\u0101l\u0101s dro\u0161\u012bbas risin\u0101jumiem.<\/p>\n<p>Darba grupu vad\u012bs Kronbergs, bet vi\u0146a vietnieks b\u016bs Centr\u0101l\u0101s v\u0113l\u0113\u0161anu komisijas (CVK) priek\u0161s\u0113d\u0113t\u0101js M\u0101ris Zviedris. T\u0101pat \u0161aj\u0101 grup\u0101 b\u016bs Iek\u0161lietu ministrijas Strat\u0113\u0123isk\u0101s komunik\u0101cijas departamenta direktore L\u0101sma Greid\u0101ne, CVK priek\u0161s\u0113d\u0113t\u0101ja vietniece Iveta Blaua, Pat\u0113r\u0113t\u0101ju ties\u012bbu aizsardz\u012bbas centra (PTAC) Digit\u0101lo pakalpojumu koordin\u0113\u0161anas un anal\u012btikas departamenta Juridisk\u0101s un anal\u012btisk\u0101s da\u013cas vad\u012bt\u0101ja Zanda D\u0101vida, Tieslietu ministrijas Komunik\u0101cijas departamenta direktore Ilze Leimane, Vied\u0101s administr\u0101cijas un re\u0123ion\u0101l\u0101s att\u012bst\u012bbas ministrijas valsts sekret\u0101ra vietnieks digit\u0101l\u0101s transform\u0101cijas jaut\u0101jumos Gatis Ozols, k\u0101 ar\u012b Valsts prezidenta padomniece likumdo\u0161anas un starptautisko ties\u012bbu jaut\u0101jumos Krist\u012bne L\u012bce.<\/p>\n<p>Grup\u0101 iecelta ar\u012b \u0100rlietu ministrijas Komunik\u0101cijas grupas vad\u012bt\u0101ja Solvita Martinsone, PTAC Digit\u0101lo pakalpojumu koordin\u0113\u0161anas un anal\u012btikas departamenta direktors Dainis Platacs, Administrat\u012bv\u0101s apgabaltiesas priek\u0161s\u0113d\u0113t\u0101js Oj\u0101rs Pried\u012btis, Valsts digit\u0101l\u0101s att\u012bst\u012bbas a\u0123ent\u016bras direktora vietniece elektronisk\u0101s p\u0101rvaldes jaut\u0101jumos Egita Rudz\u012bte, Valsts policijas Kr\u012bzes vad\u012bbas noda\u013cas priek\u0161nieks Arturs Smilga, Administrat\u012bv\u0101s rajona tiesas priek\u0161s\u0113d\u0113t\u0101ja Aiga Putni\u0146a, k\u0101 ar\u012b Korupcijas nov\u0113r\u0161anas un apkaro\u0161anas biroja Tre\u0161\u0101s p\u0101rvaldes Pirm\u0101s noda\u013cas priek\u0161niece Am\u012blija Raituma.<\/p>\n<p>Vienlaikus darba grup\u0101 str\u0101d\u0101s ar\u012b Nacion\u0101l\u0101s elektronisko pla\u0161sazi\u0146as l\u012bdzek\u013cu padomes Juridisk\u0101 departamenta vad\u012bt\u0101ja Dace Balode, Ministru prezidentes padomnieks nacion\u0101l\u0101s dro\u0161\u012bbas jaut\u0101jumos Airis Rikvelis, Valsts policijas Galven\u0101s k\u0101rt\u012bbas policijas p\u0101rvaldes Resursu un kr\u012bzes vad\u012bbas p\u0101rvaldes priek\u0161nieka vietnieks, Kr\u012bzes vad\u012bbas noda\u013cas priek\u0161nieks \u0112riks Eleds, inform\u0101cijas tehnolo\u0123iju dro\u0161\u012bbas incidentu nov\u0113r\u0161anas instit\u016bcijas &#8220;Cert.lv&#8221; P\u0101rvald\u012bbas un atbilst\u012bbas grupas vad\u012bt\u0101js Kristi\u0101ns Teters, Sabiedrisko elektronisko pla\u0161sazi\u0146as l\u012bdzek\u013cu padomes priek\u0161s\u0113d\u0113t\u0101ja Sanita Upleja-Jegermane, Pilson\u012bbas un migr\u0101cijas lietu p\u0101rvaldes Personu datu apstr\u0101des departamenta direktors Uldis Aps\u012btis, k\u0101 ar\u012b amatpersonas no Valsts dro\u0161\u012bbas dienesta un Satversmes aizsardz\u012bbas biroja.<\/p>\n<p>Darba grupai b\u016bs j\u0101koordin\u0113 inform\u0101cijas apmai\u0146a par \u0101r\u0113j\u0101s ietekmes aktivit\u0101t\u0113m Latvijas informat\u012bvaj\u0101 vid\u0113 un pas\u0101kumus \u0101r\u0113j\u0101s ietekmes aktivit\u0101\u0161u nov\u0113r\u0161anai. T\u0101pat starp grupas uzdevumiem izvirz\u012bta jaut\u0101jumu koordin\u0113\u0161ana, kas saist\u012bti ar Saeimas v\u0113l\u0113\u0161anu norisei nepiecie\u0161amo inform\u0101cijas tehnolo\u0123iju sist\u0113mu dro\u0161\u012bbu pret \u0101r\u0113ju ielau\u0161anos un notur\u012bbu.<\/p>\n<p>K\u0101 inform\u0113ja Kronbergs, darba grup\u0101 aicin\u0101ts iesaist\u012bties ar\u012b S\u0101rts, lai vi\u0146\u0161 ar savu ekspert\u012bzi pal\u012bdz\u0113tu v\u0113l efekt\u012bv\u0101k savlaic\u012bgi identific\u0113t un mazin\u0101t \u0101r\u0113jos draudus v\u0113l\u0113\u0161an\u0101m.<\/p>\n<p>\t\t\t\t\t\tinfo<\/p>\n<p>Uzzini pirmais<br \/>kas interesants noticis Latvij\u0101 un pasaul\u0113,<br \/>pievienojoties mums <a href=\"https:\/\/t.me\/neatkariga\" rel=\"nofollow\">Telegram<\/a> vai <a href=\"https:\/\/whatsapp.com\/channel\/0029VaMLFUH5K3zLU5s4wm3y\" rel=\"nofollow noopener\" target=\"_blank\">Whatsapp<\/a> kan\u0101l\u0101<\/p>\n","protected":false},"excerpt":{"rendered":"Palielin\u0101s risks, ka Krievija un citas pret Latviju nelabv\u0113l\u012bgi noska\u0146otas valstis var\u0113tu m\u0113\u0123in\u0101t ietekm\u0113t ruden\u012b gaid\u0101m\u0101s Saeimas v\u0113l\u0113\u0161anas,&hellip;\n","protected":false},"author":2,"featured_media":116918,"comment_status":"","ping_status":"","sticky":false,"template":"","format":"standard","meta":{"footnotes":""},"categories":[12],"tags":[23,28,29,32,33,22,30,31,35,39,38,36,37,34,40,20,26,27,24,25,21],"class_list":{"0":"post-116917","1":"post","2":"type-post","3":"status-publish","4":"format-standard","5":"has-post-thumbnail","7":"category-latvija","8":"tag-aktualitates","9":"tag-breaking-news","10":"tag-breakingnews","11":"tag-featured-news","12":"tag-featurednews","13":"tag-headlines","14":"tag-latest-news","15":"tag-latestnews","16":"tag-latvia","17":"tag-latvian","18":"tag-latviesu","19":"tag-latviesu-valoda","20":"tag-latviesuvaloda","21":"tag-latvija","22":"tag-lv","23":"tag-news","24":"tag-popularakas-zinas","25":"tag-popularakaszinas","26":"tag-top-stories","27":"tag-topstories","28":"tag-zinas"},"share_on_mastodon":{"url":"https:\/\/pubeurope.com\/@lv\/115980007201941457","error":""},"_links":{"self":[{"href":"https:\/\/www.europesays.com\/lv\/wp-json\/wp\/v2\/posts\/116917","targetHints":{"allow":["GET"]}}],"collection":[{"href":"https:\/\/www.europesays.com\/lv\/wp-json\/wp\/v2\/posts"}],"about":[{"href":"https:\/\/www.europesays.com\/lv\/wp-json\/wp\/v2\/types\/post"}],"author":[{"embeddable":true,"href":"https:\/\/www.europesays.com\/lv\/wp-json\/wp\/v2\/users\/2"}],"replies":[{"embeddable":true,"href":"https:\/\/www.europesays.com\/lv\/wp-json\/wp\/v2\/comments?post=116917"}],"version-history":[{"count":0,"href":"https:\/\/www.europesays.com\/lv\/wp-json\/wp\/v2\/posts\/116917\/revisions"}],"wp:featuredmedia":[{"embeddable":true,"href":"https:\/\/www.europesays.com\/lv\/wp-json\/wp\/v2\/media\/116918"}],"wp:attachment":[{"href":"https:\/\/www.europesays.com\/lv\/wp-json\/wp\/v2\/media?parent=116917"}],"wp:term":[{"taxonomy":"category","embeddable":true,"href":"https:\/\/www.europesays.com\/lv\/wp-json\/wp\/v2\/categories?post=116917"},{"taxonomy":"post_tag","embeddable":true,"href":"https:\/\/www.europesays.com\/lv\/wp-json\/wp\/v2\/tags?post=116917"}],"curies":[{"name":"wp","href":"https:\/\/api.w.org\/{rel}","templated":true}]}}