{"id":116921,"date":"2026-01-29T19:26:25","date_gmt":"2026-01-29T19:26:25","guid":{"rendered":"https:\/\/www.europesays.com\/lv\/116921\/"},"modified":"2026-01-29T19:26:25","modified_gmt":"2026-01-29T19:26:25","slug":"benfica-soke-vareno-real-dramatiskas-cinas-noskaidrota-puse-no-uefa-cempionu-ligas-astotdalfinalistem-jauns-lv","status":"publish","type":"post","link":"https:\/\/www.europesays.com\/lv\/116921\/","title":{"rendered":"&quot;Benfica&quot; \u0161ok\u0113 vareno &quot;Real&quot;: dramatisk\u0101s c\u012b\u0146\u0101s noskaidrota puse no UEFA \u010cempionu l\u012bgas astotda\u013cfin\u0101list\u0113m &#8211; Jauns.lv"},"content":{"rendered":"<ol>\n<li><a href=\"https:\/\/news.google.com\/rss\/articles\/CBMi1gFBVV95cUxPejZtVUxiMEVibVhCX3ItZU5rdTJLekthN0VXeDdxY01VaC1LQ1VzWWJ6cGtFRXVuLWozWDQ2MXNxeE5YRlFROGRQS3A4M1N2SDd3clNISWVuRjZjQm5ubFVSZnBlVWNMcFZYUFpUa3pzRi1sa2JHbGdxVGY4WFFMRERCTGY4d0diVUtHX1VMYTZLX2JabzFfdjFqTXdjNmhQVFNTSEtNOGZrd1E3dm5qMmFRMEphNXdlQ0ZHUG5laTNTeGFLaFRjbEdQZFkwWjJSZ3hfb3d3?oc=5\" target=\"_blank\" rel=\"nofollow noopener\">&#8220;Benfica&#8221; \u0161ok\u0113 vareno &#8220;Real&#8221;: dramatisk\u0101s c\u012b\u0146\u0101s noskaidrota puse no UEFA \u010cempionu l\u012bgas astotda\u013cfin\u0101list\u0113m<\/a>&nbsp;&nbsp;Jauns.lv<\/li>\n<li><a href=\"https:\/\/news.google.com\/rss\/articles\/CBMi7gFBVV95cUxQYnN4dV9NTFRFazNUT2ZleGppakdCN0dSRXpXaHFzU0tMSVRoVDF6cWFHRWhOSVBHOWEtWHpsZ2tXYWtYY3pJVGRzakFBTzBOYXQ1WXA2bURDdWVvMnAtZ0hmcFBkaFdiMXQtQTROS1MyOHVHejdZNDhXdDZ6YlN0ZHpQS2JDSWFQWkVLUlRpc21LRVZDNFBZalhpdlRBOHZEYUJHX0lSQ0NVTDdRWF9SNkMtUmo1M3BHOGpKbHM3QVVnMlNRY3o2Uy1mYmQwa3N6YXNLOGRuV2g5Q2E1cTk2dWtwYUx2di05bG1nOGR3?oc=5\" target=\"_blank\" rel=\"nofollow noopener\">&#8220;Arsenal&#8221; perfekti nosl\u0113dz \u010cempionu l\u012bgas pirmo f\u0101zi \u2013 dramatiski noskaidroti Top 8 un &#8220;play-off&#8221; dal\u012bbnieki<\/a>&nbsp;&nbsp;Delfi<\/li>\n<li><a href=\"https:\/\/news.google.com\/rss\/articles\/CBMiiwFBVV95cUxQVXpIcUlKOEVnLW56bWo2d3NuWUNiRzNkZWpZanlVTC15b2ZZeEJadEhYTHkxcVV0b2ZiMUIxakQzUXBIdVRCdFdxRlZodU1DTngzU2NzWU1kakF4N2VCeUh6bk43cnpWLXJKelJ3SlpQTWdsSHplZFRsN0RCZUplLTZ0ZW5fVGZ1Zi00?oc=5\" target=\"_blank\" rel=\"nofollow noopener\">\u010cempionu l\u012bgas intrigas: kuras komandas turpin\u0101s sezonu?<\/a>&nbsp;&nbsp;TVNET<\/li>\n<li><a href=\"https:\/\/news.google.com\/rss\/articles\/CBMingFBVV95cUxOSGpUdG1tYko2UUVQb1NCcEVIaEpiaUItVmlic0hPRmpIQ0dUdDlTMldTZVZ4Uy13OEpBYVJ3MEJWcnVzT1I0d0Nxeml3UUJkWkh5VTlkN2Y2RmlnWnFEMHA5THhTZWNSbUhaUWFFZ3JkQWVZc3JlZjkyZjRaODlHdmZwaW5ZSWFubTBxanpxeG9oVGw3TjludTN5UnhUUQ?oc=5\" target=\"_blank\" rel=\"nofollow noopener\">\u010cempionu l\u012bgas haoss: Madrides &#8220;Real&#8221; paliek \u0101rpus\u0113, v\u0101rtsarga v\u0101rti ievelk &#8220;Benfica&#8221; n\u0101kamaj\u0101 k\u0101rt\u0101<\/a>&nbsp;&nbsp;Sportacentrs.com<\/li>\n<li><a href=\"https:\/\/news.google.com\/rss\/articles\/CBMi2gFBVV95cUxQa0dZWV9xTVBlNTRSNEFzbU02S3NMYkxtbFIwZDJlQW9iQVJkbWFfMjB6MVhXNkd6bjFNVmhZdXd2cHp0Wk5rZExNQVVraXNPdS1Md3ZsdTM5U0prb2tKTXZqazB6aWl6Vm5oOFVESllISTlDQm5YVTI0Nk9Gb25ocGVYWE9ScDM5UjFNUTNWRmk0MS0tRHBVcG5UcFVyQVJMNm9XcnRXbkZPYjVsUFNoSHpiYzNWTkQyOFMzMWwtdkc0LVpLVTZjODhoNURKVHpieFB0UmFZX0NZQQ?oc=5\" target=\"_blank\" rel=\"nofollow noopener\">Tas ir kaut kas neticams! \u201cBenfica\u201d v\u0101rtuv\u012brs iesit golu un ievelk savu komandu n\u0101kamaj\u0101 UEFA \u010cempionu l\u012bgas k\u0101rt\u0101<\/a>&nbsp;&nbsp;tv3.lv<\/li>\n<\/ol>\n","protected":false},"excerpt":{"rendered":"&#8220;Benfica&#8221; \u0161ok\u0113 vareno &#8220;Real&#8221;: dramatisk\u0101s c\u012b\u0146\u0101s noskaidrota puse no UEFA \u010cempionu l\u012bgas astotda\u013cfin\u0101list\u0113m&nbsp;&nbsp;Jauns.lv &#8220;Arsenal&#8221; perfekti nosl\u0113dz \u010cempionu l\u012bgas&hellip;\n","protected":false},"author":2,"featured_media":116922,"comment_status":"","ping_status":"","sticky":false,"template":"","format":"standard","meta":{"footnotes":""},"categories":[5],"tags":[23,28,29,32,33,22,30,31,35,39,38,36,37,34,40,20,26,27,24,25,21],"class_list":{"0":"post-116921","1":"post","2":"type-post","3":"status-publish","4":"format-standard","5":"has-post-thumbnail","7":"category-aktualitates","8":"tag-aktualitates","9":"tag-breaking-news","10":"tag-breakingnews","11":"tag-featured-news","12":"tag-featurednews","13":"tag-headlines","14":"tag-latest-news","15":"tag-latestnews","16":"tag-latvia","17":"tag-latvian","18":"tag-latviesu","19":"tag-latviesu-valoda","20":"tag-latviesuvaloda","21":"tag-latvija","22":"tag-lv","23":"tag-news","24":"tag-popularakas-zinas","25":"tag-popularakaszinas","26":"tag-top-stories","27":"tag-topstories","28":"tag-zinas"},"share_on_mastodon":{"url":"https:\/\/pubeurope.com\/@lv\/115980034608604250","error":""},"_links":{"self":[{"href":"https:\/\/www.europesays.com\/lv\/wp-json\/wp\/v2\/posts\/116921","targetHints":{"allow":["GET"]}}],"collection":[{"href":"https:\/\/www.europesays.com\/lv\/wp-json\/wp\/v2\/posts"}],"about":[{"href":"https:\/\/www.europesays.com\/lv\/wp-json\/wp\/v2\/types\/post"}],"author":[{"embeddable":true,"href":"https:\/\/www.europesays.com\/lv\/wp-json\/wp\/v2\/users\/2"}],"replies":[{"embeddable":true,"href":"https:\/\/www.europesays.com\/lv\/wp-json\/wp\/v2\/comments?post=116921"}],"version-history":[{"count":0,"href":"https:\/\/www.europesays.com\/lv\/wp-json\/wp\/v2\/posts\/116921\/revisions"}],"wp:featuredmedia":[{"embeddable":true,"href":"https:\/\/www.europesays.com\/lv\/wp-json\/wp\/v2\/media\/116922"}],"wp:attachment":[{"href":"https:\/\/www.europesays.com\/lv\/wp-json\/wp\/v2\/media?parent=116921"}],"wp:term":[{"taxonomy":"category","embeddable":true,"href":"https:\/\/www.europesays.com\/lv\/wp-json\/wp\/v2\/categories?post=116921"},{"taxonomy":"post_tag","embeddable":true,"href":"https:\/\/www.europesays.com\/lv\/wp-json\/wp\/v2\/tags?post=116921"}],"curies":[{"name":"wp","href":"https:\/\/api.w.org\/{rel}","templated":true}]}}