{"id":116928,"date":"2026-01-29T19:35:19","date_gmt":"2026-01-29T19:35:19","guid":{"rendered":"https:\/\/www.europesays.com\/lv\/116928\/"},"modified":"2026-01-29T19:35:19","modified_gmt":"2026-01-29T19:35:19","slug":"lmt-un-tet-dalu-izpirksanas-darijuma-konsultantu-izvele-gaidama-nedelas-otraja-puse-lente-lv","status":"publish","type":"post","link":"https:\/\/www.europesays.com\/lv\/116928\/","title":{"rendered":"LMT un &#8220;Tet&#8221; da\u013cu izpirk\u0161anas dar\u012bjuma konsultantu izv\u0113le gaid\u0101ma ned\u0113\u013cas otraj\u0101 pus\u0113\u00a0\u2014\u00a0Lente.lv"},"content":{"rendered":"<p>Gaid\u0101mais pazi\u0146ojums par konsultantu<\/p>\n<p>Inform\u0101cija par izv\u0113l\u0113to juridisko konsultantu, kas pal\u012bdz\u0113s tehnolo\u0123iju un sakaru uz\u0146\u0113mumu SIA &#8220;Latvijas mobilais telefons&#8221; (LMT) un SIA &#8220;Tet&#8221; da\u013cu izpirk\u0161an\u0101 no Zviedrijas telekomunik\u0101ciju komp\u0101nijas &#8220;Telia&#8221;, pl\u0101nots pazi\u0146ot ned\u0113\u013cas otraj\u0101 pus\u0113. K\u0101 inform\u0113 port\u0101ls jauns.lv, par to past\u0101st\u012bjis ekonomikas ministrs Viktors Valainis (ZZS).<\/p>\n<p>Otrdien vald\u012bba sl\u0113gtaj\u0101 s\u0113d\u0113 izskat\u012bja informat\u012bvo zi\u0146ojumu par dar\u012bjuma att\u012bst\u012bbas progresu. P\u0113c jaut\u0101juma izskat\u012b\u0161anas Valainis nor\u0101d\u012bja, ka dar\u012bjums ieilga dro\u0161\u012bbas p\u0101rbau\u017eu d\u0113\u013c. Vi\u0146\u0161 skaidroja, ka, \u0146emot v\u0113r\u0101, ka LMT un &#8220;Tet&#8221; ir kritisk\u0101 infrastrukt\u016bra, tika veiktas padzi\u013cin\u0101tas visu iesaist\u012bto personu p\u0101rbaudes. \u0160o p\u0101rbau\u017eu veik\u0161ana, kur\u0101s bija iesaist\u012bti ar\u012b \u0101rvalstu speci\u0101listi un nepiecie\u0161ama sadarb\u012bba ar \u0101rvalstu dienestiem, pras\u012bja laiku. P\u0101rbaudes nosl\u0113gu\u0161\u0101s sekm\u012bgi, un p\u0113c dro\u0161\u012bbas iest\u0101\u017eu atzinumu sa\u0146em\u0161anas dar\u012bjumu iesp\u0113jams virz\u012bt n\u0101kamaj\u0101 f\u0101z\u0113.<\/p>\n<p>Dar\u012bjuma gaita un termi\u0146i<\/p>\n<p>Dar\u012bjums par LMT un &#8220;Tet&#8221; da\u013cu izpirk\u0161anu no &#8220;Telia&#8221; var\u0113tu tikt nosl\u0113gts \u0161\u012b gada j\u016blij\u0101. Ekonomikas ministrija (EM) inform\u0113, ka visas iesaist\u012bt\u0101s puses ir ap\u0146\u0113mu\u0161\u0101s iev\u0113rot saska\u0146oto grafiku, kas paredz da\u013cu p\u0101rdo\u0161anas l\u012bguma nosl\u0113g\u0161anu j\u016blij\u0101 un dar\u012bjuma pabeig\u0161anu 2026. gada otraj\u0101 pus\u0113. Tiek pl\u0101nots ar\u012b piesaist\u012bt papildu strat\u0113\u0123isko investoru 2026. gada otraj\u0101 pus\u0113.<\/p>\n<p>Sapra\u0161an\u0101s memorands, kas noteic dar\u012bjuma pamatprincipus, tika parakst\u012bts 2025. gada j\u016blij\u0101 starp &#8220;Telia Company&#8221;, Latvijas valsti, AS &#8220;Latvenergo&#8221; un VAS &#8220;Latvijas Valsts radio un telev\u012bzijas centrs&#8221; (LVRTC). S\u0101kotn\u0113jais pl\u0101ns paredz\u0113ja gal\u012bgo vieno\u0161anos nosl\u0113gt l\u012bdz 2025. gada beig\u0101m un dar\u012bjumu pabeigt 2026. gada pirmaj\u0101 pusgad\u0101. Tik\u0161an\u0101s starp Ministru prezidenti Eviku Sili\u0146u, ekonomikas ministru Viktoru Valaini un &#8220;Telia Company&#8221; prezidentu un izpilddirektoru Patriku Hofbaueru 22. janv\u0101r\u012b tika p\u0101rrun\u0101ts projekta aktu\u0101lais statuss. Tika uzsv\u0113rts, ka dar\u012bjums virz\u0101s uz priek\u0161u bez b\u016btisk\u0101m nob\u012bd\u0113m, lai gan ir nepiecie\u0161amas vair\u0101kas proced\u016bras.<\/p>\n<p>Valsts atbalsts un potenci\u0101lie ieguvumi<\/p>\n<p>Ministru prezidente Evika Sili\u0146a un ekonomikas ministrs Viktors Valainis ir paudu\u0161i atbalstu AS &#8220;Latvenergo&#8221; un LVRTC iniciat\u012bvai ieg\u0101d\u0101ties &#8220;Tet&#8221; un LMT da\u013cas. Vi\u0146i uzsver, ka \u0161is dar\u012bjums \u013caus uz\u0146\u0113mumiem augt un ieiet jaun\u0101 att\u012bst\u012bbas f\u0101z\u0113, potenci\u0101li k\u013c\u016bstot par Baltijas vado\u0161ajiem tehnolo\u0123iju uz\u0146\u0113mumiem. Patriks Hofbauers, &#8220;Telia Company&#8221; prezidents un izpilddirektors, nor\u0101d\u012bjis, ka dar\u012bjuma nosl\u0113g\u0161ana sniegs b\u016btiskus ieguvumus klientiem, darbiniekiem un \u012bpa\u0161niekiem.<\/p>\n<p>\u0160is dar\u012bjums ir noz\u012bm\u012bgs invest\u012bciju l\u0113mums telekomunik\u0101ciju nozar\u0113, kas pied\u0101v\u0101 potenci\u0101lu siner\u0123ijai un iesp\u0113ju izveidot re\u0123ion\u0101la l\u012bme\u0146a tehnolo\u0123iju uz\u0146\u0113mumu. Tas ir ar\u012b solis virzien\u0101 uz sare\u017e\u0123\u012bt\u0101s akcion\u0101ru strukt\u016bras vienk\u0101r\u0161o\u0161anu, kas iepriek\u0161 kav\u0113jusi uz\u0146\u0113mumu v\u0113rt\u012bbas rad\u012b\u0161anu. P\u0113c dar\u012bjuma pabeig\u0161anas LMT un &#8220;Tet&#8221; var\u0113tu k\u013c\u016bt par Baltijas vado\u0161ajiem tehnolo\u0123iju uz\u0146\u0113mumiem ar augstu ener\u0123\u0113tikas un tehnolo\u0123iju nozaru siner\u0123ijas potenci\u0101lu.<\/p>\n<p>V\u0113sturisks konteksts un iepriek\u0161\u0113jie so\u013ci<\/p>\n<p>Kop\u0161 sapra\u0161an\u0101s memoranda parakst\u012b\u0161anas 2025. gada j\u016blij\u0101, iesaist\u012bt\u0101s puses ir akt\u012bvi str\u0101d\u0101ju\u0161as, lai p\u0113c iesp\u0113jas dr\u012bz\u0101k pietuvotos dar\u012bjuma \u012bsteno\u0161anai. Jau iepriek\u0161 tika pl\u0101nots nosl\u0113gt l\u012bgumus ar konsultantiem septembr\u012b, lai pal\u012bdz\u0113tu dar\u012bjum\u0101 ar &#8220;Telia&#8221; piedero\u0161o kapit\u0101lda\u013cu izpirk\u0161anu un strat\u0113\u0123isk\u0101 investora piesaisti. Konsultantu pal\u012bdz\u012bba tika mekl\u0113ta padzi\u013cin\u0101taj\u0101 izp\u0113t\u0113 jeb &#8220;due diligence&#8221;, strat\u0113\u0123isk\u0101 investora piesaist\u0113 un dar\u012bjuma struktur\u0113\u0161an\u0101. Toreiz tika sagaid\u012bts, ka p\u0113c l\u012bgumu nosl\u0113g\u0161anas ar konsultantiem divu l\u012bdz divarpus m\u0113ne\u0161u laik\u0101 tiks sa\u0146emta inform\u0101cija, ar ko str\u0101d\u0101t, lai nosl\u0113gtu dar\u012bjumu ar &#8220;Telia&#8221;.<\/p>\n<p>Vald\u012bba 2025. gada j\u016blij\u0101 nol\u0113ma atbalst\u012bt AS &#8220;Latvenergo&#8221; un VAS &#8220;Latvijas Valsts radio un telev\u012bzijas centrs&#8221; (LVRTC) iniciat\u012bvu uzs\u0101kt sarunas ar &#8220;Telia Company&#8221; par tai piedero\u0161o SIA &#8220;Tet&#8221; un SIA &#8220;Latvijas mobilais telefons&#8221; (LMT) da\u013cu pirk\u0161anu. Toreiz tika sa\u0146emti pied\u0101v\u0101jumi no konsultantiem, un paredzams, ka l\u012bgumi tiks nosl\u0113gti l\u012bdz 2025. gada beig\u0101m. Tika prognoz\u0113ts, ka dar\u012bjums var\u0113tu tikt pabeigts 2026. gada pirmaj\u0101 pus\u0113.<\/p>\n","protected":false},"excerpt":{"rendered":"Gaid\u0101mais pazi\u0146ojums par konsultantu Inform\u0101cija par izv\u0113l\u0113to juridisko konsultantu, kas pal\u012bdz\u0113s tehnolo\u0123iju un sakaru uz\u0146\u0113mumu SIA &#8220;Latvijas mobilais&hellip;\n","protected":false},"author":2,"featured_media":116929,"comment_status":"","ping_status":"","sticky":false,"template":"","format":"standard","meta":{"footnotes":""},"categories":[16],"tags":[77,76,10151,26967,35,39,38,36,37,34,1213,40,26362,12547],"class_list":{"0":"post-116928","1":"post","2":"type-post","3":"status-publish","4":"format-standard","5":"has-post-thumbnail","7":"category-bizness","8":"tag-bizness","9":"tag-business","10":"tag-darijums","11":"tag-konsultants","12":"tag-latvia","13":"tag-latvian","14":"tag-latviesu","15":"tag-latviesu-valoda","16":"tag-latviesuvaloda","17":"tag-latvija","18":"tag-lmt","19":"tag-lv","20":"tag-telia","21":"tag-tet"},"share_on_mastodon":{"url":"https:\/\/pubeurope.com\/@lv\/115980069979015121","error":""},"_links":{"self":[{"href":"https:\/\/www.europesays.com\/lv\/wp-json\/wp\/v2\/posts\/116928","targetHints":{"allow":["GET"]}}],"collection":[{"href":"https:\/\/www.europesays.com\/lv\/wp-json\/wp\/v2\/posts"}],"about":[{"href":"https:\/\/www.europesays.com\/lv\/wp-json\/wp\/v2\/types\/post"}],"author":[{"embeddable":true,"href":"https:\/\/www.europesays.com\/lv\/wp-json\/wp\/v2\/users\/2"}],"replies":[{"embeddable":true,"href":"https:\/\/www.europesays.com\/lv\/wp-json\/wp\/v2\/comments?post=116928"}],"version-history":[{"count":0,"href":"https:\/\/www.europesays.com\/lv\/wp-json\/wp\/v2\/posts\/116928\/revisions"}],"wp:featuredmedia":[{"embeddable":true,"href":"https:\/\/www.europesays.com\/lv\/wp-json\/wp\/v2\/media\/116929"}],"wp:attachment":[{"href":"https:\/\/www.europesays.com\/lv\/wp-json\/wp\/v2\/media?parent=116928"}],"wp:term":[{"taxonomy":"category","embeddable":true,"href":"https:\/\/www.europesays.com\/lv\/wp-json\/wp\/v2\/categories?post=116928"},{"taxonomy":"post_tag","embeddable":true,"href":"https:\/\/www.europesays.com\/lv\/wp-json\/wp\/v2\/tags?post=116928"}],"curies":[{"name":"wp","href":"https:\/\/api.w.org\/{rel}","templated":true}]}}