{"id":11695,"date":"2025-10-03T18:07:13","date_gmt":"2025-10-03T18:07:13","guid":{"rendered":"https:\/\/www.europesays.com\/lv\/11695\/"},"modified":"2025-10-03T18:07:13","modified_gmt":"2025-10-03T18:07:13","slug":"francijas-dispeceru-streiks-nakamnedel-varetu-skart-tukstosiem-pasazieru","status":"publish","type":"post","link":"https:\/\/www.europesays.com\/lv\/11695\/","title":{"rendered":"Francijas dispe\u010deru streiks n\u0101kamned\u0113\u013c var\u0113tu skart t\u016bksto\u0161iem pasa\u017eieru"},"content":{"rendered":"<p>SNCTA streiks paredz\u0113ts no 7. l\u012bdz 10.oktobrim.<\/p>\n<p>Streiks visvair\u0101k ietekm\u0113s reisus uz un no Francijas, ta\u010du riski past\u0101v ar\u012b saist\u012bb\u0101 ar citiem noz\u012bm\u012bgiem galam\u0113r\u0137iem, piem\u0113ram, Sp\u0101niju, It\u0101liju un Grie\u0137iju.<\/p>\n<p>Arodbiedr\u012bbas streika iemesli ir s\u016bdz\u012bbas par gaisa satiksmes vad\u012bbas p\u0101rvald\u012bbu, kas ietverot &#8220;neuztic\u012bbu, sodu praksi un brut\u0101las vad\u012bbas metodes&#8221;, k\u0101 ar\u012b pras\u012bbu celt algas, \u0146emot v\u0113r\u0101 infl\u0101cijas ietekmi.<\/p>\n<p>Paredzams, ka streiks b\u016btiski ietekm\u0113s lidojumus, \u012bpa\u0161i tos, kas \u0161\u0137\u0113rso Francijas gaisa telpu. Iepriek\u0161 l\u012bdz\u012bgu streiku d\u0113\u013c ir atcelti t\u016bksto\u0161iem lidojumu un radu\u0161\u0101s iev\u0113rojamas izmaksas avi\u0101cijas nozarei.<\/p>\n<p>\u012arijas zemo cenu lidsabiedr\u012bbas &#8220;Ryanair&#8221; vad\u012bt\u0101js Maikls O&#8217;L\u012brijs kritiz\u0113ja Eiropas Komisiju par nesp\u0113ju aizsarg\u0101t reisus, kas \u0161\u0137\u0113rso gaisa telpu nacion\u0101lu gaisa satiksmes kontrolieru streika laik\u0101.<\/p>\n<p>O&#8217;L\u012brijs br\u012bdin\u0101ja, ka streika d\u0113\u013c n\u0101kamned\u0113\u013c reisi var\u0113tu tikt atcelti 100 000 komp\u0101nijas pasa\u017eieru. Pirmaj\u0101s div\u0101s streika dien\u0101s &#8220;Ryanair&#8221;, iesp\u0113jams, vajadz\u0113s atcelt ap 600 reisu dien\u0101, no kuriem gandr\u012bz visi ir p\u0101rlidojumi p\u0101r Francijas gaisa telpu.<\/p>\n<p>Vi\u0146a apl\u0113ses liecina, ka streiks &#8220;Ryanair&#8221; izmaks\u0101s ap 20 miljoniem Lielbrit\u0101nijas m\u0101rci\u0146u (23 miljoni eiro).<\/p>\n<p>Francijas gaisa satiksmes kontrolieru streiks var\u0113tu ietekm\u0113t ar\u012b citu Eiropas lidsabiedr\u012bbu, piem\u0113ram, &#8220;EasyJet&#8221;, &#8220;British Airways&#8221;, &#8220;Vueling&#8221; un &#8220;Lufthansa&#8221; reisus.<\/p>\n","protected":false},"excerpt":{"rendered":"SNCTA streiks paredz\u0113ts no 7. l\u012bdz 10.oktobrim. Streiks visvair\u0101k ietekm\u0113s reisus uz un no Francijas, ta\u010du riski past\u0101v&hellip;\n","protected":false},"author":2,"featured_media":11696,"comment_status":"","ping_status":"","sticky":false,"template":"","format":"standard","meta":{"footnotes":""},"categories":[14],"tags":[23,57,28,29,4267,32,33,22,30,31,35,39,38,36,37,34,3309,40,20,26,27,4268,24,25,54,55,56,21,58],"class_list":{"0":"post-11695","1":"post","2":"type-post","3":"status-publish","4":"format-standard","5":"has-post-thumbnail","7":"category-zinas-no-arvalstim","8":"tag-aktualitates","9":"tag-arvalstim","10":"tag-breaking-news","11":"tag-breakingnews","12":"tag-easyjet","13":"tag-featured-news","14":"tag-featurednews","15":"tag-headlines","16":"tag-latest-news","17":"tag-latestnews","18":"tag-latvia","19":"tag-latvian","20":"tag-latviesu","21":"tag-latviesu-valoda","22":"tag-latviesuvaloda","23":"tag-latvija","24":"tag-lidmasina","25":"tag-lv","26":"tag-news","27":"tag-popularakas-zinas","28":"tag-popularakaszinas","29":"tag-streiki","30":"tag-top-stories","31":"tag-topstories","32":"tag-world","33":"tag-world-news","34":"tag-worldnews","35":"tag-zinas","36":"tag-zinas-no-arvalstim"},"share_on_mastodon":{"url":"","error":""},"_links":{"self":[{"href":"https:\/\/www.europesays.com\/lv\/wp-json\/wp\/v2\/posts\/11695","targetHints":{"allow":["GET"]}}],"collection":[{"href":"https:\/\/www.europesays.com\/lv\/wp-json\/wp\/v2\/posts"}],"about":[{"href":"https:\/\/www.europesays.com\/lv\/wp-json\/wp\/v2\/types\/post"}],"author":[{"embeddable":true,"href":"https:\/\/www.europesays.com\/lv\/wp-json\/wp\/v2\/users\/2"}],"replies":[{"embeddable":true,"href":"https:\/\/www.europesays.com\/lv\/wp-json\/wp\/v2\/comments?post=11695"}],"version-history":[{"count":0,"href":"https:\/\/www.europesays.com\/lv\/wp-json\/wp\/v2\/posts\/11695\/revisions"}],"wp:featuredmedia":[{"embeddable":true,"href":"https:\/\/www.europesays.com\/lv\/wp-json\/wp\/v2\/media\/11696"}],"wp:attachment":[{"href":"https:\/\/www.europesays.com\/lv\/wp-json\/wp\/v2\/media?parent=11695"}],"wp:term":[{"taxonomy":"category","embeddable":true,"href":"https:\/\/www.europesays.com\/lv\/wp-json\/wp\/v2\/categories?post=11695"},{"taxonomy":"post_tag","embeddable":true,"href":"https:\/\/www.europesays.com\/lv\/wp-json\/wp\/v2\/tags?post=11695"}],"curies":[{"name":"wp","href":"https:\/\/api.w.org\/{rel}","templated":true}]}}