{"id":116953,"date":"2026-01-29T20:25:13","date_gmt":"2026-01-29T20:25:13","guid":{"rendered":"https:\/\/www.europesays.com\/lv\/116953\/"},"modified":"2026-01-29T20:25:13","modified_gmt":"2026-01-29T20:25:13","slug":"putins-piekritis-nedelu-neuzbrukt-kijivai-pazinojis-tramps","status":"publish","type":"post","link":"https:\/\/www.europesays.com\/lv\/116953\/","title":{"rendered":"Putins piekritis ned\u0113\u013cu neuzbrukt Kijivai, pazi\u0146ojis Tramps"},"content":{"rendered":"<p>Krievijas triecieni Ukrainas energoapg\u0101des infrastrukt\u016brai ir atst\u0101ju\u0161i miljoniem cilv\u0113ku bez gaismas, apkures un \u016bdens barg\u0101 ziemas sal\u0101. &#8220;Sakar\u0101 ar aukstumu, \u0101rk\u0101rt\u0113ju aukstumu (..). Es person\u012bgi l\u016bdzu prezidentu Putinu ned\u0113\u013cu neap\u0161aud\u012bt Kijevu un [citas] pils\u0113tas,&#8221; vald\u012bbas s\u0113d\u0113 Baltaj\u0101 nam\u0101 pazi\u0146oja Tramps. &#8220;Tas nav vienk\u0101r\u0161s aukstums, tas ir \u0101rk\u0101rt\u0113js aukstums. Rekordliels aukstums, ar\u012b tur vi\u0146iem ir t\u0101ds pats,&#8221; vi\u0146\u0161 piebilda, sal\u012bdzinot laikapst\u0101k\u013cus Va\u0161ington\u0101 un Kijiv\u0101.<\/p>\n","protected":false},"excerpt":{"rendered":"Krievijas triecieni Ukrainas energoapg\u0101des infrastrukt\u016brai ir atst\u0101ju\u0161i miljoniem cilv\u0113ku bez gaismas, apkures un \u016bdens barg\u0101 ziemas sal\u0101. &#8220;Sakar\u0101&hellip;\n","protected":false},"author":2,"featured_media":116954,"comment_status":"","ping_status":"","sticky":false,"template":"","format":"standard","meta":{"footnotes":""},"categories":[14],"tags":[23,57,28,29,32,33,22,30,31,35,39,38,36,37,34,40,20,26,27,24,25,54,55,56,21,58],"class_list":{"0":"post-116953","1":"post","2":"type-post","3":"status-publish","4":"format-standard","5":"has-post-thumbnail","7":"category-zinas-no-arvalstim","8":"tag-aktualitates","9":"tag-arvalstim","10":"tag-breaking-news","11":"tag-breakingnews","12":"tag-featured-news","13":"tag-featurednews","14":"tag-headlines","15":"tag-latest-news","16":"tag-latestnews","17":"tag-latvia","18":"tag-latvian","19":"tag-latviesu","20":"tag-latviesu-valoda","21":"tag-latviesuvaloda","22":"tag-latvija","23":"tag-lv","24":"tag-news","25":"tag-popularakas-zinas","26":"tag-popularakaszinas","27":"tag-top-stories","28":"tag-topstories","29":"tag-world","30":"tag-world-news","31":"tag-worldnews","32":"tag-zinas","33":"tag-zinas-no-arvalstim"},"share_on_mastodon":{"url":"https:\/\/pubeurope.com\/@lv\/115980266562232096","error":""},"_links":{"self":[{"href":"https:\/\/www.europesays.com\/lv\/wp-json\/wp\/v2\/posts\/116953","targetHints":{"allow":["GET"]}}],"collection":[{"href":"https:\/\/www.europesays.com\/lv\/wp-json\/wp\/v2\/posts"}],"about":[{"href":"https:\/\/www.europesays.com\/lv\/wp-json\/wp\/v2\/types\/post"}],"author":[{"embeddable":true,"href":"https:\/\/www.europesays.com\/lv\/wp-json\/wp\/v2\/users\/2"}],"replies":[{"embeddable":true,"href":"https:\/\/www.europesays.com\/lv\/wp-json\/wp\/v2\/comments?post=116953"}],"version-history":[{"count":0,"href":"https:\/\/www.europesays.com\/lv\/wp-json\/wp\/v2\/posts\/116953\/revisions"}],"wp:featuredmedia":[{"embeddable":true,"href":"https:\/\/www.europesays.com\/lv\/wp-json\/wp\/v2\/media\/116954"}],"wp:attachment":[{"href":"https:\/\/www.europesays.com\/lv\/wp-json\/wp\/v2\/media?parent=116953"}],"wp:term":[{"taxonomy":"category","embeddable":true,"href":"https:\/\/www.europesays.com\/lv\/wp-json\/wp\/v2\/categories?post=116953"},{"taxonomy":"post_tag","embeddable":true,"href":"https:\/\/www.europesays.com\/lv\/wp-json\/wp\/v2\/tags?post=116953"}],"curies":[{"name":"wp","href":"https:\/\/api.w.org\/{rel}","templated":true}]}}