{"id":116955,"date":"2026-01-29T20:32:11","date_gmt":"2026-01-29T20:32:11","guid":{"rendered":"https:\/\/www.europesays.com\/lv\/116955\/"},"modified":"2026-01-29T20:32:11","modified_gmt":"2026-01-29T20:32:11","slug":"es-dalibvalstis-atzist-iranas-revolucionaro-gvardi-par-teroristu-organizaciju","status":"publish","type":"post","link":"https:\/\/www.europesays.com\/lv\/116955\/","title":{"rendered":"ES dal\u012bbvalstis atz\u012bst Ir\u0101nas Revolucion\u0101ro gvardi par teroristu organiz\u0101ciju"},"content":{"rendered":"<p>Protesti Ir\u0101n\u0101, kas s\u0101k\u0101s decembra beig\u0101s, iedz\u012bvot\u0101ji piepras\u012bju\u0161i liel\u0101ku br\u012bv\u012bbu un pamaties\u012bbu iev\u0113ro\u0161anu. Tom\u0113r Ir\u0101nas vald\u012bba uz protestiem rea\u0123\u0113jusi ar vardarb\u012bgu represiju kampa\u0146u un demonstrantu slepkav\u012bb\u0101m. Vald\u012bba ir atzinus, ka protestos g\u0101ju\u0161i boj\u0101 vair\u0101k nek\u0101 3 000 cilv\u0113ku, ta\u010du neatkar\u012bgi nov\u0113rot\u0101ji, tostarp \u0101rsti un morgu darbinieki, uzskata, ka patiesais skaits ir daudz augst\u0101ks.<\/p>\n","protected":false},"excerpt":{"rendered":"Protesti Ir\u0101n\u0101, kas s\u0101k\u0101s decembra beig\u0101s, iedz\u012bvot\u0101ji piepras\u012bju\u0161i liel\u0101ku br\u012bv\u012bbu un pamaties\u012bbu iev\u0113ro\u0161anu. Tom\u0113r Ir\u0101nas vald\u012bba uz protestiem&hellip;\n","protected":false},"author":2,"featured_media":116956,"comment_status":"","ping_status":"","sticky":false,"template":"","format":"standard","meta":{"footnotes":""},"categories":[14],"tags":[23,57,28,29,32,33,22,30,31,35,39,38,36,37,34,40,20,26,27,24,25,54,55,56,21,58],"class_list":{"0":"post-116955","1":"post","2":"type-post","3":"status-publish","4":"format-standard","5":"has-post-thumbnail","7":"category-zinas-no-arvalstim","8":"tag-aktualitates","9":"tag-arvalstim","10":"tag-breaking-news","11":"tag-breakingnews","12":"tag-featured-news","13":"tag-featurednews","14":"tag-headlines","15":"tag-latest-news","16":"tag-latestnews","17":"tag-latvia","18":"tag-latvian","19":"tag-latviesu","20":"tag-latviesu-valoda","21":"tag-latviesuvaloda","22":"tag-latvija","23":"tag-lv","24":"tag-news","25":"tag-popularakas-zinas","26":"tag-popularakaszinas","27":"tag-top-stories","28":"tag-topstories","29":"tag-world","30":"tag-world-news","31":"tag-worldnews","32":"tag-zinas","33":"tag-zinas-no-arvalstim"},"share_on_mastodon":{"url":"https:\/\/pubeurope.com\/@lv\/115980294187747804","error":""},"_links":{"self":[{"href":"https:\/\/www.europesays.com\/lv\/wp-json\/wp\/v2\/posts\/116955","targetHints":{"allow":["GET"]}}],"collection":[{"href":"https:\/\/www.europesays.com\/lv\/wp-json\/wp\/v2\/posts"}],"about":[{"href":"https:\/\/www.europesays.com\/lv\/wp-json\/wp\/v2\/types\/post"}],"author":[{"embeddable":true,"href":"https:\/\/www.europesays.com\/lv\/wp-json\/wp\/v2\/users\/2"}],"replies":[{"embeddable":true,"href":"https:\/\/www.europesays.com\/lv\/wp-json\/wp\/v2\/comments?post=116955"}],"version-history":[{"count":0,"href":"https:\/\/www.europesays.com\/lv\/wp-json\/wp\/v2\/posts\/116955\/revisions"}],"wp:featuredmedia":[{"embeddable":true,"href":"https:\/\/www.europesays.com\/lv\/wp-json\/wp\/v2\/media\/116956"}],"wp:attachment":[{"href":"https:\/\/www.europesays.com\/lv\/wp-json\/wp\/v2\/media?parent=116955"}],"wp:term":[{"taxonomy":"category","embeddable":true,"href":"https:\/\/www.europesays.com\/lv\/wp-json\/wp\/v2\/categories?post=116955"},{"taxonomy":"post_tag","embeddable":true,"href":"https:\/\/www.europesays.com\/lv\/wp-json\/wp\/v2\/tags?post=116955"}],"curies":[{"name":"wp","href":"https:\/\/api.w.org\/{rel}","templated":true}]}}