{"id":116961,"date":"2026-01-29T20:45:09","date_gmt":"2026-01-29T20:45:09","guid":{"rendered":"https:\/\/www.europesays.com\/lv\/116961\/"},"modified":"2026-01-29T20:45:09","modified_gmt":"2026-01-29T20:45:09","slug":"latvija-nav-energetikas-krizes-tacu-jagatavojas-apkures-rekinu-pieaugumam-lente-lv","status":"publish","type":"post","link":"https:\/\/www.europesays.com\/lv\/116961\/","title":{"rendered":"Latvij\u0101 nav ener\u0123\u0113tikas kr\u012bzes, ta\u010du j\u0101gatavojas apkures r\u0113\u0137inu pieaugumam\u00a0\u2014\u00a0Lente.lv"},"content":{"rendered":"<p>Valst\u012b nav ener\u0123\u0113tikas kr\u012bzes, uzsver premjere<\/p>\n<p>Ministru prezidente Evika Sili\u0146a tre\u0161dien, 29. janv\u0101r\u012b, \u017eurn\u0101listiem uzsv\u0113ra, ka \u0161obr\u012bd Latvij\u0101 nav ener\u0123\u0113tikas kr\u012bzes. Vi\u0146a skaidroja, ka liel\u0101k\u0101 da\u013ca iedz\u012bvot\u0101ju jau maks\u0101 par apkuri, izmantojot izl\u012bdzin\u0101tos maks\u0101jumus, kas pal\u012bdz izvair\u012bties no kras\u0101m izmaksu sv\u0101rst\u012bb\u0101m gada aukstajos m\u0113ne\u0161os. K\u0101 zi\u0146o telekan\u0101ls TV3, \u0161\u0101da sist\u0113ma nodro\u0161ina liel\u0101ku prognoz\u0113jam\u012bbu un stabilit\u0101ti m\u0101jsaimniec\u012bbu bud\u017eetos.<\/p>\n<p>Gatav\u012bba apkures r\u0113\u0137inu k\u0101pumam<\/p>\n<p>Neskatoties uz premjeres optimistisko v\u0113rt\u0113jumu par valsts ener\u0123\u0113tisko st\u0101vokli, Ekonomikas ministrs Viktors Valainis ir aicin\u0101jis Klimata un ener\u0123\u0113tikas ministru Kasparu Melni un Labkl\u0101j\u012bbas ministriju piev\u0113rst uzman\u012bbu situ\u0101cijai, lai pa\u0161vald\u012bbas b\u016btu gatavas sniegt atbalstu gad\u012bjum\u0101, ja notiktu strauj\u0161 apkures r\u0113\u0137inu pieaugums. Premjere atg\u0101din\u0101ja, ka jau ir palielin\u0101ti m\u0101jok\u013cu pabalsti un ir j\u0101apzin\u0101s pa\u0161vald\u012bbu gatav\u012bba sniegt \u0161o pal\u012bdz\u012bbu. Sili\u0146a sagaida, ka ministri n\u0101ks klaj\u0101 ar re\u0101liem risin\u0101jumiem, ko var\u0113tu \u012bstenot, ja situ\u0101cija to pras\u012bs.<\/p>\n<p>Situ\u0101cijas izv\u0113rt\u0113\u0161ana un atbalsta meh\u0101nismi<\/p>\n<p>Ekonomikas ministrs Viktors Valainis jau iepriek\u0161 ir rosin\u0101jis sasaukt Valsts ener\u0123\u0113tisk\u0101s kr\u012bzes centra \u0101rk\u0101rtas s\u0113di, lai apspriestu atbalsta iesp\u0113jas iedz\u012bvot\u0101jiem, \u0146emot v\u0113r\u0101 \u0161\u012bs ziemas zemo gaisa temperat\u016bru, kas var\u0113tu b\u016btiski palielin\u0101t apkures izdevumus m\u0101jsaimniec\u012bb\u0101m. K\u0101 viens no re\u0101l\u0101kajiem atbalsta risin\u0101jumiem tiek v\u0113rt\u0113ts m\u0101jok\u013ca pabalsts. Lai gan \u0161obr\u012bd notiek akt\u012bvs darbs pie situ\u0101cijas risin\u0101\u0161anas, uzklausot pa\u0161vald\u012bbas un v\u0101cot datus, pagaid\u0101m nav skaidr\u012bbas par konkr\u0113tiem pas\u0101kumiem, jo eso\u0161ie valsts atbalsta meh\u0101nismi paredz reakciju uz tarifu pieaugumu, nevis pat\u0113ri\u0146a apjoma pieaugumu.<\/p>\n<p>Iedz\u012bvot\u0101ju ba\u017eas un asoci\u0101ciju nost\u0101ja<\/p>\n<p>\u0160\u012b gada janv\u0101ris ir bijis viens no aukst\u0101kajiem p\u0113d\u0113jo 15 gadu laik\u0101, kas tie\u0161i ietekm\u0113jis siltumener\u0123ijas pat\u0113ri\u0146u un rad\u012bjis gaid\u0101mu iev\u0113rojami liel\u0101ku apkures r\u0113\u0137inu pieaugumu. Tikm\u0113r Klimata un ener\u0123\u0113tikas ministrija (KEM) un Latvijas Pa\u0161vald\u012bbu savien\u012bba (LPS) ir vienoju\u0161\u0101s, ka gad\u012bjum\u0101, ja tr\u016bc\u012bgo un maznodro\u0161in\u0101to iedz\u012bvot\u0101ju piepras\u012bjums p\u0113c m\u0101jok\u013cu pabalsta pieaugs, valsts tam mekl\u0113s papildu finans\u0113jumu. Siltumapg\u0101des uz\u0146\u0113mumi tiek aicin\u0101ti rast iesp\u0113ju janv\u0101ra r\u0113\u0137iniem piem\u0113rot atlikto maks\u0101jumu. Lai gan \u0161\u012b br\u012b\u017ea situ\u0101cija netiek raksturota k\u0101 kr\u012bzes, t\u0101 rada nopietnas ba\u017eas par iedz\u012bvot\u0101ju sp\u0113ju nor\u0113\u0137in\u0101ties par komun\u0101lajiem pakalpojumiem.<\/p>\n<p>Ener\u0123\u0113tikas un komun\u0101lo pakalpojumu izmai\u0146as 2026. gad\u0101<\/p>\n<p>S\u0101kot ar 2026. gada 1. janv\u0101ri, vid\u0113jais dabasg\u0101zes sadales sist\u0113mas tarifs samazin\u0101sies par 4,4%, kas at\u0161\u0137irsies da\u017e\u0101d\u0101m lietot\u0101ju grup\u0101m, piem\u0113ram, virtuves lietot\u0101jiem tas nedaudz pieaugs, bet apkures lietot\u0101jiem samazin\u0101sies. Elektroener\u0123ijas sadales tarifs paliks nemain\u012bgs, ta\u010du da\u017eu m\u0101jsaimniec\u012bbu elektr\u012bbas r\u0113\u0137ini var\u0113tu pieaugt par 20 centiem l\u012bdz pat 3,50 eiro m\u0113nes\u012b, galvenok\u0101rt sakar\u0101 ar iepriek\u0161\u0113j\u0101 period\u0101 sniegt\u0101 valsts atbalsta beig\u0101m. T\u0101pat paredz\u0113ts, ka s\u0101kot ar 2026. gada 1. j\u016bliju, tiks main\u012bts pievienot\u0101s v\u0113rt\u012bbas nodoklis (PVN) da\u017eiem p\u0101rtikas produktiem.<\/p>\n","protected":false},"excerpt":{"rendered":"Valst\u012b nav ener\u0123\u0113tikas kr\u012bzes, uzsver premjere Ministru prezidente Evika Sili\u0146a tre\u0161dien, 29. janv\u0101r\u012b, \u017eurn\u0101listiem uzsv\u0113ra, ka \u0161obr\u012bd Latvij\u0101&hellip;\n","protected":false},"author":2,"featured_media":116962,"comment_status":"","ping_status":"","sticky":false,"template":"","format":"standard","meta":{"footnotes":""},"categories":[12],"tags":[23,26312,28,29,781,1249,32,33,22,30,31,35,39,38,36,37,34,40,26971,20,26,27,24,25,21],"class_list":{"0":"post-116961","1":"post","2":"type-post","3":"status-publish","4":"format-standard","5":"has-post-thumbnail","7":"category-latvija","8":"tag-aktualitates","9":"tag-apkures-rekini","10":"tag-breaking-news","11":"tag-breakingnews","12":"tag-energetika","13":"tag-evika-silina","14":"tag-featured-news","15":"tag-featurednews","16":"tag-headlines","17":"tag-latest-news","18":"tag-latestnews","19":"tag-latvia","20":"tag-latvian","21":"tag-latviesu","22":"tag-latviesu-valoda","23":"tag-latviesuvaloda","24":"tag-latvija","25":"tag-lv","26":"tag-majokla-pabalsts","27":"tag-news","28":"tag-popularakas-zinas","29":"tag-popularakaszinas","30":"tag-top-stories","31":"tag-topstories","32":"tag-zinas"},"share_on_mastodon":{"url":"https:\/\/pubeurope.com\/@lv\/115980345261996988","error":""},"_links":{"self":[{"href":"https:\/\/www.europesays.com\/lv\/wp-json\/wp\/v2\/posts\/116961","targetHints":{"allow":["GET"]}}],"collection":[{"href":"https:\/\/www.europesays.com\/lv\/wp-json\/wp\/v2\/posts"}],"about":[{"href":"https:\/\/www.europesays.com\/lv\/wp-json\/wp\/v2\/types\/post"}],"author":[{"embeddable":true,"href":"https:\/\/www.europesays.com\/lv\/wp-json\/wp\/v2\/users\/2"}],"replies":[{"embeddable":true,"href":"https:\/\/www.europesays.com\/lv\/wp-json\/wp\/v2\/comments?post=116961"}],"version-history":[{"count":0,"href":"https:\/\/www.europesays.com\/lv\/wp-json\/wp\/v2\/posts\/116961\/revisions"}],"wp:featuredmedia":[{"embeddable":true,"href":"https:\/\/www.europesays.com\/lv\/wp-json\/wp\/v2\/media\/116962"}],"wp:attachment":[{"href":"https:\/\/www.europesays.com\/lv\/wp-json\/wp\/v2\/media?parent=116961"}],"wp:term":[{"taxonomy":"category","embeddable":true,"href":"https:\/\/www.europesays.com\/lv\/wp-json\/wp\/v2\/categories?post=116961"},{"taxonomy":"post_tag","embeddable":true,"href":"https:\/\/www.europesays.com\/lv\/wp-json\/wp\/v2\/tags?post=116961"}],"curies":[{"name":"wp","href":"https:\/\/api.w.org\/{rel}","templated":true}]}}