{"id":116966,"date":"2026-01-29T20:51:23","date_gmt":"2026-01-29T20:51:23","guid":{"rendered":"https:\/\/www.europesays.com\/lv\/116966\/"},"modified":"2026-01-29T20:51:23","modified_gmt":"2026-01-29T20:51:23","slug":"kas-patiesiba-slepjas-aiz-it-ka-patikamajiem-algu-pieauguma-skaitliem","status":"publish","type":"post","link":"https:\/\/www.europesays.com\/lv\/116966\/","title":{"rendered":"Kas paties\u012bb\u0101 sl\u0113pjas aiz it k\u0101 pat\u012bkamajiem algu pieauguma skait\u013ciem?"},"content":{"rendered":"<p class=\"MsoNormal\">No vid\u0113jiem algu statistikas datiem var\u0113tu rasties iespaids, ka piedz\u012bvojam b\u016btisku labkl\u0101j\u012bbas pieaugumu, tom\u0113r iedz\u012bvot\u0101ju noska\u0146ojums nereti ir piln\u012bgi pret\u0113js. TVNET Bizness skaidro, vai nereti paustais uzskats par iedz\u012bvot\u0101ju pirktsp\u0113jas pieaugumu ir patiess vai m\u0101n\u012bgs.<\/p>\n<p class=\"MsoNormal\">Ir nozares, kur\u0101s darba samaksas k\u0101pums netiek l\u012bdzi ne tikai vid\u0113jam r\u0101d\u012bt\u0101jam, bet apl\u016bkojam\u0101 period\u0101 <a href=\"https:\/\/www.tvnet.lv\/term\/478827\/algas\" class=\"topicLink\" target=\"_blank\" rel=\"nofollow noopener\">algas<\/a> ir pat samazin\u0101ju\u0161\u0101s. Iesp\u0113jas ieg\u0101d\u0101ties p\u0101rtiku\u2026<\/p>\n","protected":false},"excerpt":{"rendered":"No vid\u0113jiem algu statistikas datiem var\u0113tu rasties iespaids, ka piedz\u012bvojam b\u016btisku labkl\u0101j\u012bbas pieaugumu, tom\u0113r iedz\u012bvot\u0101ju noska\u0146ojums nereti ir&hellip;\n","protected":false},"author":2,"featured_media":116967,"comment_status":"","ping_status":"","sticky":false,"template":"","format":"standard","meta":{"footnotes":""},"categories":[12],"tags":[23,3076,28,29,32,33,22,550,30,31,35,39,38,36,37,34,40,20,23275,26,27,24,25,3149,21],"class_list":{"0":"post-116966","1":"post","2":"type-post","3":"status-publish","4":"format-standard","5":"has-post-thumbnail","7":"category-latvija","8":"tag-aktualitates","9":"tag-algas","10":"tag-breaking-news","11":"tag-breakingnews","12":"tag-featured-news","13":"tag-featurednews","14":"tag-headlines","15":"tag-inflacija","16":"tag-latest-news","17":"tag-latestnews","18":"tag-latvia","19":"tag-latvian","20":"tag-latviesu","21":"tag-latviesu-valoda","22":"tag-latviesuvaloda","23":"tag-latvija","24":"tag-lv","25":"tag-news","26":"tag-pirktspeja","27":"tag-popularakas-zinas","28":"tag-popularakaszinas","29":"tag-top-stories","30":"tag-topstories","31":"tag-tvnet-bizness","32":"tag-zinas"},"share_on_mastodon":{"url":"https:\/\/pubeurope.com\/@lv\/115980368844868978","error":""},"_links":{"self":[{"href":"https:\/\/www.europesays.com\/lv\/wp-json\/wp\/v2\/posts\/116966","targetHints":{"allow":["GET"]}}],"collection":[{"href":"https:\/\/www.europesays.com\/lv\/wp-json\/wp\/v2\/posts"}],"about":[{"href":"https:\/\/www.europesays.com\/lv\/wp-json\/wp\/v2\/types\/post"}],"author":[{"embeddable":true,"href":"https:\/\/www.europesays.com\/lv\/wp-json\/wp\/v2\/users\/2"}],"replies":[{"embeddable":true,"href":"https:\/\/www.europesays.com\/lv\/wp-json\/wp\/v2\/comments?post=116966"}],"version-history":[{"count":0,"href":"https:\/\/www.europesays.com\/lv\/wp-json\/wp\/v2\/posts\/116966\/revisions"}],"wp:featuredmedia":[{"embeddable":true,"href":"https:\/\/www.europesays.com\/lv\/wp-json\/wp\/v2\/media\/116967"}],"wp:attachment":[{"href":"https:\/\/www.europesays.com\/lv\/wp-json\/wp\/v2\/media?parent=116966"}],"wp:term":[{"taxonomy":"category","embeddable":true,"href":"https:\/\/www.europesays.com\/lv\/wp-json\/wp\/v2\/categories?post=116966"},{"taxonomy":"post_tag","embeddable":true,"href":"https:\/\/www.europesays.com\/lv\/wp-json\/wp\/v2\/tags?post=116966"}],"curies":[{"name":"wp","href":"https:\/\/api.w.org\/{rel}","templated":true}]}}