{"id":116979,"date":"2026-01-29T21:21:07","date_gmt":"2026-01-29T21:21:07","guid":{"rendered":"https:\/\/www.europesays.com\/lv\/116979\/"},"modified":"2026-01-29T21:21:07","modified_gmt":"2026-01-29T21:21:07","slug":"ukraina-un-spacex-risina-jautajumu-par-starlink-lietojumu-krievijas-dronos","status":"publish","type":"post","link":"https:\/\/www.europesays.com\/lv\/116979\/","title":{"rendered":"Ukraina un &#8220;SpaceX&#8221; risina jaut\u0101jumu par &#8220;Starlink&#8221; lietojumu Krievijas dronos"},"content":{"rendered":"<p>&#8220;Da\u017eas stundas p\u0113c tam, kad virs Ukrainas pils\u0113t\u0101m par\u0101d\u012bj\u0101s Krievijas bezpilota lidapar\u0101ti ar &#8220;Starlink&#8221; sakariem, Aizsardz\u012bbas ministrijas komanda nekav\u0113joties sazin\u0101j\u0101s ar &#8220;SpaceX&#8221; un pied\u0101v\u0101ja veidus, k\u0101 atrisin\u0101t \u0161o probl\u0113mu. Esmu pateic\u012bgs &#8220;SpaceX&#8221; prezidentei Gvinai \u0160otvelai un person\u012bgi Ilonam Maskam par \u0101tro reakciju un darba uzs\u0101k\u0161anu pie situ\u0101cijas risin\u0101juma,&#8221; Fedorovs raksta sav\u0101 &#8220;Telegram&#8221; kan\u0101l\u0101.<\/p>\n<p>Vi\u0146\u0161 atg\u0101din\u0101ja, ka Maska l\u0113mums steidzami iesl\u0113gt &#8220;Starlink&#8221; un nos\u016bt\u012bt pirmo termin\u0101\u013cu partiju uz Ukrainu, s\u0101koties pilnv\u0113rt\u012bgam iebrukumam, bija kritiski svar\u012bgs Ukrainas valsts stabilit\u0101tei.<\/p>\n<p>&#8220;Rietumu tehnolo\u0123ij\u0101m ir j\u0101turpina pal\u012bdz\u0113t demokr\u0101tiskai pasaulei un j\u0101aizsarg\u0101 civiliedz\u012bvot\u0101ji, nevis j\u0101izmanto terora aktiem un mierm\u012bl\u012bgu pils\u0113tu izn\u012bcin\u0101\u0161anai,&#8221; nor\u0101d\u012bja ministrs.<\/p>\n<p>Savuk\u0101rt Ukrainas aizsardz\u012bbas ministra padomnieks tehnolo\u0123isko virzienu jaut\u0101jumos Serhijs Beskrestnovs paskaidroja, ka situ\u0101ciju sare\u017e\u0123\u012b tas, ka &#8220;Starlink&#8221; nevar neitraliz\u0113t ar radioelektronisk\u0101s c\u012b\u0146as l\u012bdzek\u013ciem un pat to atra\u0161an\u0101s vietu lidojum\u0101 nevar noteikt ar radioelektronisk\u0101s c\u012b\u0146as iek\u0101rt\u0101m.<\/p>\n<p>&#8220;Esam \u013coti pateic\u012bgi Ilonam Maskam person\u012bgi par vi\u0146a \u0101tro reakciju un gatav\u012bbu pal\u012bdz\u0113t. Jau ir simtiem apstiprin\u0101tu uzbrukumu ar droniem ar &#8220;Starlink&#8221;, turkl\u0101t ne milit\u0101riem m\u0113r\u0137iem, bet mierm\u012bl\u012bg\u0101m aizmugures un frontes pils\u0113t\u0101m. Tostarp dz\u012bvojam\u0101m \u0113k\u0101m. Faktiski tas ir terorisms, izmantojot m\u016bsdien\u012bgas mierm\u012bl\u012bgas sakaru tehnolo\u0123ijas,&#8221; pav\u0113st\u012bja Beskrestnovs.<\/p>\n<p>Vi\u0146\u0161 piebilda, ka ministrija gatavo visaptvero\u0161u risin\u0101jumu &#8211; gan \u0101tru un \u012bslaic\u012bgu, gan sist\u0113misk\u0101ku un ilgtermi\u0146a.<\/p>\n","protected":false},"excerpt":{"rendered":"&#8220;Da\u017eas stundas p\u0113c tam, kad virs Ukrainas pils\u0113t\u0101m par\u0101d\u012bj\u0101s Krievijas bezpilota lidapar\u0101ti ar &#8220;Starlink&#8221; sakariem, Aizsardz\u012bbas ministrijas komanda&hellip;\n","protected":false},"author":2,"featured_media":116980,"comment_status":"","ping_status":"","sticky":false,"template":"","format":"standard","meta":{"footnotes":""},"categories":[14],"tags":[23,57,28,29,75,32,33,22,234,30,31,35,39,38,36,37,34,40,20,26,27,82,1474,24,25,276,54,55,56,21,58],"class_list":{"0":"post-116979","1":"post","2":"type-post","3":"status-publish","4":"format-standard","5":"has-post-thumbnail","7":"category-zinas-no-arvalstim","8":"tag-aktualitates","9":"tag-arvalstim","10":"tag-breaking-news","11":"tag-breakingnews","12":"tag-droni","13":"tag-featured-news","14":"tag-featurednews","15":"tag-headlines","16":"tag-krievija","17":"tag-latest-news","18":"tag-latestnews","19":"tag-latvia","20":"tag-latvian","21":"tag-latviesu","22":"tag-latviesu-valoda","23":"tag-latviesuvaloda","24":"tag-latvija","25":"tag-lv","26":"tag-news","27":"tag-popularakas-zinas","28":"tag-popularakaszinas","29":"tag-spacex","30":"tag-starlink","31":"tag-top-stories","32":"tag-topstories","33":"tag-ukraina","34":"tag-world","35":"tag-world-news","36":"tag-worldnews","37":"tag-zinas","38":"tag-zinas-no-arvalstim"},"share_on_mastodon":{"url":"https:\/\/pubeurope.com\/@lv\/115980486721496380","error":""},"_links":{"self":[{"href":"https:\/\/www.europesays.com\/lv\/wp-json\/wp\/v2\/posts\/116979","targetHints":{"allow":["GET"]}}],"collection":[{"href":"https:\/\/www.europesays.com\/lv\/wp-json\/wp\/v2\/posts"}],"about":[{"href":"https:\/\/www.europesays.com\/lv\/wp-json\/wp\/v2\/types\/post"}],"author":[{"embeddable":true,"href":"https:\/\/www.europesays.com\/lv\/wp-json\/wp\/v2\/users\/2"}],"replies":[{"embeddable":true,"href":"https:\/\/www.europesays.com\/lv\/wp-json\/wp\/v2\/comments?post=116979"}],"version-history":[{"count":0,"href":"https:\/\/www.europesays.com\/lv\/wp-json\/wp\/v2\/posts\/116979\/revisions"}],"wp:featuredmedia":[{"embeddable":true,"href":"https:\/\/www.europesays.com\/lv\/wp-json\/wp\/v2\/media\/116980"}],"wp:attachment":[{"href":"https:\/\/www.europesays.com\/lv\/wp-json\/wp\/v2\/media?parent=116979"}],"wp:term":[{"taxonomy":"category","embeddable":true,"href":"https:\/\/www.europesays.com\/lv\/wp-json\/wp\/v2\/categories?post=116979"},{"taxonomy":"post_tag","embeddable":true,"href":"https:\/\/www.europesays.com\/lv\/wp-json\/wp\/v2\/tags?post=116979"}],"curies":[{"name":"wp","href":"https:\/\/api.w.org\/{rel}","templated":true}]}}