{"id":116983,"date":"2026-01-29T21:33:09","date_gmt":"2026-01-29T21:33:09","guid":{"rendered":"https:\/\/www.europesays.com\/lv\/116983\/"},"modified":"2026-01-29T21:33:09","modified_gmt":"2026-01-29T21:33:09","slug":"socialo-mediju-aizliegumi-jauniesiem-nav-risinajums-lente-lv","status":"publish","type":"post","link":"https:\/\/www.europesays.com\/lv\/116983\/","title":{"rendered":"soci\u0101lo mediju aizliegumi jaunie\u0161iem nav risin\u0101jums\u00a0\u2014\u00a0Lente.lv"},"content":{"rendered":"<p>Soci\u0101lo mediju lomai publiskaj\u0101 diskurs\u0101 un jaunie\u0161u aizsardz\u012bbai<\/p>\n<p>Mikroblogo\u0161anas vietnes &#8220;Bluesky&#8221; izpilddirektore D\u017eeja Greibere ir paudusi viedokli, ka soci\u0101lie mediji, kuriem s\u0101kotn\u0113ji tika prognoz\u0113ta demokratiz\u0113jo\u0161a loma, m\u016bsdien\u0101s ir non\u0101ku\u0161i nelielas cilv\u0113ku grupas kontrol\u0113, ietekm\u0113jot publisko diskursu.<\/p>\n<p>Vi\u0146a uzsver, ka soci\u0101lo mediju aizliegums jaunie\u0161iem l\u012bdz 16 gadu vecumam, k\u0101ds tiek apsv\u0113rts vai ieviests da\u017e\u0101s valst\u012bs, piem\u0113ram, Austr\u0101lij\u0101 un D\u0101nij\u0101, nav efekt\u012bvs risin\u0101jums.<\/p>\n<p>Glob\u0101l\u0101 tendence un &#8220;Bluesky&#8221; nost\u0101ja<\/p>\n<p>Greibere ir izteikusies, ka soci\u0101lo mediju platform\u0101m, kur\u0101m bija j\u0101k\u013c\u016bst par sp\u0113ku, kas veicina demokr\u0101tiju un br\u012bvu v\u0101rda pau\u0161anu, ir n\u0101cies saskarties ar realit\u0101ti, kur\u0101 inform\u0101cijas pl\u016bsmu kontrol\u0113 neliels skaits cilv\u0113ku. Tas rada ba\u017eas par publisk\u0101 diskursa kvalit\u0101ti un pieejam\u012bbu.<\/p>\n<p>&#8220;Bluesky&#8221; pati ir sask\u0101rusies ar da\u017e\u0101diem izaicin\u0101jumiem, tostarp jaut\u0101jumiem par satura moder\u0101ciju un lietot\u0101ju dro\u0161\u012bbu. Piem\u0113ram, 2025. gada august\u0101 platforma izv\u0113l\u0113j\u0101s blo\u0137\u0113t piek\u013cuvi Misisipi \u0161tat\u0101, nevis pak\u013cauties likumam, kas piepras\u012bja lietot\u0101ju vecuma p\u0101rbaudi. Ar\u012b cit\u0101s ASV pavalst\u012bs un cit\u0101s valst\u012bs ir ieviesti vecuma ierobe\u017eojumi vai verifik\u0101cijas procesi.<\/p>\n<p>Aizliegumu efektivit\u0101te un alternat\u012bvie risin\u0101jumi<\/p>\n<p>Tiek uzskat\u012bts, ka visaptvero\u0161i soci\u0101lo mediju aizliegumi jaunie\u0161iem nav pareiz\u0101 pieeja. \u0160\u0101di aizliegumi var rad\u012bt vair\u0101k probl\u0113mu nek\u0101 risin\u0101jumu, ierobe\u017eojot gan br\u012bvo v\u0101rdu, gan veicinot nevienl\u012bdz\u012bgu ietekmi uz jaunaj\u0101m tehnolo\u0123ij\u0101m. T\u0101 viet\u0101 ir nepiecie\u0161ams mekl\u0113t veidus, k\u0101 uzlabot platformu dro\u0161\u012bbu un satura kvalit\u0101ti, nevis piln\u012bb\u0101 aizliegt piek\u013cuvi.<\/p>\n<p>Izaicin\u0101jumi digit\u0101laj\u0101 vid\u0113 un platformu atbild\u012bba<\/p>\n<p>Greiberes koment\u0101ri izskan laik\u0101, kad vair\u0101kas valstis, tostarp Austr\u0101lija un D\u0101nija, apsver vai jau ir ieviesu\u0161as pas\u0101kumus, lai ierobe\u017eotu jaunie\u0161u piek\u013cuvi soci\u0101lajiem medijiem, bie\u017ei vien nosakot vecuma sliek\u0161\u0146us, piem\u0113ram, 13, 15 vai 16 gadi. \u0160\u012bs iniciat\u012bvas tiek motiv\u0113tas ar ba\u017e\u0101m par soci\u0101lo mediju potenci\u0101lo kait\u0113jumu jaunie\u0161u ment\u0101lajai vesel\u012bbai un att\u012bst\u012bbai.<\/p>\n<p>Tom\u0113r &#8220;Bluesky&#8221; izpilddirektore nor\u0101da, ka probl\u0113ma nav pa\u0161os soci\u0101lajos medijos, bet gan veid\u0101, k\u0101 tie tiek kontrol\u0113ti un k\u0101 tiek veidots publiskais diskurss. Vi\u0146a uzsver platformu atbild\u012bbu nodro\u0161in\u0101t dro\u0161\u0101ku un atv\u0113rt\u0101ku vidi, nevis piln\u012bb\u0101 sl\u0113gt durvis jaun\u0101kajai paaudzei.<\/p>\n","protected":false},"excerpt":{"rendered":"Soci\u0101lo mediju lomai publiskaj\u0101 diskurs\u0101 un jaunie\u0161u aizsardz\u012bbai Mikroblogo\u0161anas vietnes &#8220;Bluesky&#8221; izpilddirektore D\u017eeja Greibere ir paudusi viedokli, ka&hellip;\n","protected":false},"author":2,"featured_media":116984,"comment_status":"","ping_status":"","sticky":false,"template":"","format":"standard","meta":{"footnotes":""},"categories":[14],"tags":[15586,23,57,26975,28,29,26976,32,33,22,705,30,31,35,39,38,36,37,34,40,20,26,27,8477,24,25,54,55,56,21,58],"class_list":{"0":"post-116983","1":"post","2":"type-post","3":"status-publish","4":"format-standard","5":"has-post-thumbnail","7":"category-zinas-no-arvalstim","8":"tag-aizliegums","9":"tag-aktualitates","10":"tag-arvalstim","11":"tag-bluesky","12":"tag-breaking-news","13":"tag-breakingnews","14":"tag-dzeja-greibere","15":"tag-featured-news","16":"tag-featurednews","17":"tag-headlines","18":"tag-jauniesi","19":"tag-latest-news","20":"tag-latestnews","21":"tag-latvia","22":"tag-latvian","23":"tag-latviesu","24":"tag-latviesu-valoda","25":"tag-latviesuvaloda","26":"tag-latvija","27":"tag-lv","28":"tag-news","29":"tag-popularakas-zinas","30":"tag-popularakaszinas","31":"tag-socialie-mediji","32":"tag-top-stories","33":"tag-topstories","34":"tag-world","35":"tag-world-news","36":"tag-worldnews","37":"tag-zinas","38":"tag-zinas-no-arvalstim"},"share_on_mastodon":{"url":"https:\/\/pubeurope.com\/@lv\/115980533957347377","error":""},"_links":{"self":[{"href":"https:\/\/www.europesays.com\/lv\/wp-json\/wp\/v2\/posts\/116983","targetHints":{"allow":["GET"]}}],"collection":[{"href":"https:\/\/www.europesays.com\/lv\/wp-json\/wp\/v2\/posts"}],"about":[{"href":"https:\/\/www.europesays.com\/lv\/wp-json\/wp\/v2\/types\/post"}],"author":[{"embeddable":true,"href":"https:\/\/www.europesays.com\/lv\/wp-json\/wp\/v2\/users\/2"}],"replies":[{"embeddable":true,"href":"https:\/\/www.europesays.com\/lv\/wp-json\/wp\/v2\/comments?post=116983"}],"version-history":[{"count":0,"href":"https:\/\/www.europesays.com\/lv\/wp-json\/wp\/v2\/posts\/116983\/revisions"}],"wp:featuredmedia":[{"embeddable":true,"href":"https:\/\/www.europesays.com\/lv\/wp-json\/wp\/v2\/media\/116984"}],"wp:attachment":[{"href":"https:\/\/www.europesays.com\/lv\/wp-json\/wp\/v2\/media?parent=116983"}],"wp:term":[{"taxonomy":"category","embeddable":true,"href":"https:\/\/www.europesays.com\/lv\/wp-json\/wp\/v2\/categories?post=116983"},{"taxonomy":"post_tag","embeddable":true,"href":"https:\/\/www.europesays.com\/lv\/wp-json\/wp\/v2\/tags?post=116983"}],"curies":[{"name":"wp","href":"https:\/\/api.w.org\/{rel}","templated":true}]}}