{"id":116985,"date":"2026-01-29T21:39:16","date_gmt":"2026-01-29T21:39:16","guid":{"rendered":"https:\/\/www.europesays.com\/lv\/116985\/"},"modified":"2026-01-29T21:39:16","modified_gmt":"2026-01-29T21:39:16","slug":"intervija-ar-latvijas-vestnieku-nato-mari-riekstinu-29-01-2026-ieraksts-replay-lv","status":"publish","type":"post","link":"https:\/\/www.europesays.com\/lv\/116985\/","title":{"rendered":"Intervija ar Latvijas v\u0113stnieku NATO M\u0101ri Rieksti\u0146u \/ 29.01.2026 \/ Ieraksts \/ REplay.lv"},"content":{"rendered":"<p>&#8220;Ja Eiropa uzskata, ka var sevi aizst\u0101v\u0113t bez ASV atbalsta, t\u0101 var turpin\u0101t sap\u0146ot.&#8221; \u0160is visai kritiskais izteikums pieder NATO \u0123ener\u0101lsekret\u0101ram Markam Rutem, kur\u0161 \u0161oned\u0113\u013c, uzst\u0101joties Eiropas Parlament\u0101, paslav\u0113ja ar\u012b ASV prezidentu Donaldu Trampu par Arktikas dro\u0161\u012bbas jaut\u0101juma aktualiz\u0113\u0161anu.<\/p>\n<p>Iesp\u0113jams, \u0161\u012b poz\u012bcija pal\u012bdz\u0113jusi mazin\u0101t diplom\u0101tisko v\u0113tru, kas bija izc\u0113lusies starp ASV un Eiropas sabiedrotajiem jaut\u0101jum\u0101 par Grenlandes iesp\u0113jamo p\u0101r\u0146em\u0161anu. Ta\u010du k\u0101das sekas notieko\u0161\u0101s p\u0101rmai\u0146as atst\u0101j uz sadarb\u012bbu alians\u0113, un cik stingra ir t\u0101s gatav\u012bba pretst\u0101v\u0113t Krievijas rad\u012btajiem draudiem re\u0123ion\u0101?<\/p>\n<p>Uz interviju &#8220;R\u012bta Panor\u0101ma&#8221; aicin\u0101jusi Latvijas v\u0113stnieku NATO M\u0101ri Rieksti\u0146u.<\/p>\n","protected":false},"excerpt":{"rendered":"&#8220;Ja Eiropa uzskata, ka var sevi aizst\u0101v\u0113t bez ASV atbalsta, t\u0101 var turpin\u0101t sap\u0146ot.&#8221; \u0160is visai kritiskais izteikums&hellip;\n","protected":false},"author":2,"featured_media":116986,"comment_status":"","ping_status":"","sticky":false,"template":"","format":"standard","meta":{"footnotes":""},"categories":[14],"tags":[23,57,28,29,32,33,22,30,31,35,39,38,36,37,34,40,20,26,27,24,25,54,55,56,21,58],"class_list":{"0":"post-116985","1":"post","2":"type-post","3":"status-publish","4":"format-standard","5":"has-post-thumbnail","7":"category-zinas-no-arvalstim","8":"tag-aktualitates","9":"tag-arvalstim","10":"tag-breaking-news","11":"tag-breakingnews","12":"tag-featured-news","13":"tag-featurednews","14":"tag-headlines","15":"tag-latest-news","16":"tag-latestnews","17":"tag-latvia","18":"tag-latvian","19":"tag-latviesu","20":"tag-latviesu-valoda","21":"tag-latviesuvaloda","22":"tag-latvija","23":"tag-lv","24":"tag-news","25":"tag-popularakas-zinas","26":"tag-popularakaszinas","27":"tag-top-stories","28":"tag-topstories","29":"tag-world","30":"tag-world-news","31":"tag-worldnews","32":"tag-zinas","33":"tag-zinas-no-arvalstim"},"share_on_mastodon":{"url":"https:\/\/pubeurope.com\/@lv\/115980557522942971","error":""},"_links":{"self":[{"href":"https:\/\/www.europesays.com\/lv\/wp-json\/wp\/v2\/posts\/116985","targetHints":{"allow":["GET"]}}],"collection":[{"href":"https:\/\/www.europesays.com\/lv\/wp-json\/wp\/v2\/posts"}],"about":[{"href":"https:\/\/www.europesays.com\/lv\/wp-json\/wp\/v2\/types\/post"}],"author":[{"embeddable":true,"href":"https:\/\/www.europesays.com\/lv\/wp-json\/wp\/v2\/users\/2"}],"replies":[{"embeddable":true,"href":"https:\/\/www.europesays.com\/lv\/wp-json\/wp\/v2\/comments?post=116985"}],"version-history":[{"count":0,"href":"https:\/\/www.europesays.com\/lv\/wp-json\/wp\/v2\/posts\/116985\/revisions"}],"wp:featuredmedia":[{"embeddable":true,"href":"https:\/\/www.europesays.com\/lv\/wp-json\/wp\/v2\/media\/116986"}],"wp:attachment":[{"href":"https:\/\/www.europesays.com\/lv\/wp-json\/wp\/v2\/media?parent=116985"}],"wp:term":[{"taxonomy":"category","embeddable":true,"href":"https:\/\/www.europesays.com\/lv\/wp-json\/wp\/v2\/categories?post=116985"},{"taxonomy":"post_tag","embeddable":true,"href":"https:\/\/www.europesays.com\/lv\/wp-json\/wp\/v2\/tags?post=116985"}],"curies":[{"name":"wp","href":"https:\/\/api.w.org\/{rel}","templated":true}]}}