{"id":116989,"date":"2026-01-29T21:51:08","date_gmt":"2026-01-29T21:51:08","guid":{"rendered":"https:\/\/www.europesays.com\/lv\/116989\/"},"modified":"2026-01-29T21:51:08","modified_gmt":"2026-01-29T21:51:08","slug":"ukraina-kopa-ar-masku-strada-pie-ta-lai-bloketu-starlink-izmantosanu-krievijas-dronos","status":"publish","type":"post","link":"https:\/\/www.europesays.com\/lv\/116989\/","title":{"rendered":"Ukraina kop\u0101 ar Masku str\u0101d\u0101 pie t\u0101, lai blo\u0137\u0113tu &#8220;Starlink&#8221; izmanto\u0161anu Krievijas dronos"},"content":{"rendered":"<p>&#8220;Da\u017eas stundas p\u0113c tam, kad virs Ukrainas pils\u0113t\u0101m par\u0101d\u012bj\u0101s Krievijas bezpilota lidapar\u0101ti ar &#8220;Starlink&#8221; sakariem, Aizsardz\u012bbas ministrijas komanda nekav\u0113joties sazin\u0101j\u0101s ar &#8220;SpaceX&#8221; un pied\u0101v\u0101ja veidus, k\u0101 atrisin\u0101t \u0161o probl\u0113mu. Esmu pateic\u012bgs &#8220;SpaceX&#8221; prezidentei Gvinai \u0160otvelai un person\u012bgi Ilonam Maskam par \u0101tro reakciju un darba uzs\u0101k\u0161anu pie situ\u0101cijas risin\u0101juma,&#8221; Fedorovs raksta sav\u0101 &#8220;Telegram&#8221; kan\u0101l\u0101.<\/p>\n","protected":false},"excerpt":{"rendered":"&#8220;Da\u017eas stundas p\u0113c tam, kad virs Ukrainas pils\u0113t\u0101m par\u0101d\u012bj\u0101s Krievijas bezpilota lidapar\u0101ti ar &#8220;Starlink&#8221; sakariem, Aizsardz\u012bbas ministrijas komanda&hellip;\n","protected":false},"author":2,"featured_media":116990,"comment_status":"","ping_status":"","sticky":false,"template":"","format":"standard","meta":{"footnotes":""},"categories":[14],"tags":[23,57,28,29,32,33,22,30,31,35,39,38,36,37,34,40,20,26,27,24,25,54,55,56,21,58],"class_list":{"0":"post-116989","1":"post","2":"type-post","3":"status-publish","4":"format-standard","5":"has-post-thumbnail","7":"category-zinas-no-arvalstim","8":"tag-aktualitates","9":"tag-arvalstim","10":"tag-breaking-news","11":"tag-breakingnews","12":"tag-featured-news","13":"tag-featurednews","14":"tag-headlines","15":"tag-latest-news","16":"tag-latestnews","17":"tag-latvia","18":"tag-latvian","19":"tag-latviesu","20":"tag-latviesu-valoda","21":"tag-latviesuvaloda","22":"tag-latvija","23":"tag-lv","24":"tag-news","25":"tag-popularakas-zinas","26":"tag-popularakaszinas","27":"tag-top-stories","28":"tag-topstories","29":"tag-world","30":"tag-world-news","31":"tag-worldnews","32":"tag-zinas","33":"tag-zinas-no-arvalstim"},"share_on_mastodon":{"url":"https:\/\/pubeurope.com\/@lv\/115980604742143987","error":""},"_links":{"self":[{"href":"https:\/\/www.europesays.com\/lv\/wp-json\/wp\/v2\/posts\/116989","targetHints":{"allow":["GET"]}}],"collection":[{"href":"https:\/\/www.europesays.com\/lv\/wp-json\/wp\/v2\/posts"}],"about":[{"href":"https:\/\/www.europesays.com\/lv\/wp-json\/wp\/v2\/types\/post"}],"author":[{"embeddable":true,"href":"https:\/\/www.europesays.com\/lv\/wp-json\/wp\/v2\/users\/2"}],"replies":[{"embeddable":true,"href":"https:\/\/www.europesays.com\/lv\/wp-json\/wp\/v2\/comments?post=116989"}],"version-history":[{"count":0,"href":"https:\/\/www.europesays.com\/lv\/wp-json\/wp\/v2\/posts\/116989\/revisions"}],"wp:featuredmedia":[{"embeddable":true,"href":"https:\/\/www.europesays.com\/lv\/wp-json\/wp\/v2\/media\/116990"}],"wp:attachment":[{"href":"https:\/\/www.europesays.com\/lv\/wp-json\/wp\/v2\/media?parent=116989"}],"wp:term":[{"taxonomy":"category","embeddable":true,"href":"https:\/\/www.europesays.com\/lv\/wp-json\/wp\/v2\/categories?post=116989"},{"taxonomy":"post_tag","embeddable":true,"href":"https:\/\/www.europesays.com\/lv\/wp-json\/wp\/v2\/tags?post=116989"}],"curies":[{"name":"wp","href":"https:\/\/api.w.org\/{rel}","templated":true}]}}