{"id":117009,"date":"2026-01-29T22:34:04","date_gmt":"2026-01-29T22:34:04","guid":{"rendered":"https:\/\/www.europesays.com\/lv\/117009\/"},"modified":"2026-01-29T22:34:04","modified_gmt":"2026-01-29T22:34:04","slug":"deputati-saeimas-arpolitikas-debates-uzmanibu-pievers-latvijas-un-asv-attiecibam-1188-lv","status":"publish","type":"post","link":"https:\/\/www.europesays.com\/lv\/117009\/","title":{"rendered":"Deput\u0101ti Saeimas \u0101rpolitikas debat\u0113s uzman\u012bbu piev\u0113r\u0161 Latvijas un ASV attiec\u012bb\u0101m &#8211; 1188.lv"},"content":{"rendered":"<ol>\n<li><a href=\"https:\/\/news.google.com\/rss\/articles\/CBMitAFBVV95cUxQbFBZczNvY2JVRkFmRmZ6VEg3ZHYzS0RnZ3kxRER0Z0I1RHNtdDYyc0hNV3NsbnFiZ1RPTmdOaHhqdWVWcFR1VTZTWWFTSEt6VWt3RDJMNmVNM0NHRXMyaTVuWGRrMExaNi02WERWUVgzWm1DaGVuLXd3cGdiWks1Wm5uUmhQN1dUMk9XWnRqNk16dG1VZkpfTDN0WlNGMzFRM1FOMjFjSlJQcHVWWWYxcGQ2dDU?oc=5\" target=\"_blank\" rel=\"nofollow noopener\">Deput\u0101ti Saeimas \u0101rpolitikas debat\u0113s uzman\u012bbu piev\u0113r\u0161 Latvijas un ASV attiec\u012bb\u0101m<\/a>&nbsp;&nbsp;1188.lv<\/li>\n<li><a href=\"https:\/\/news.google.com\/rss\/articles\/CBMi-gFBVV95cUxPR0tSbHU5YWd5TkFROFlNX2NLYlF3LURrajRQWk4yNHBraENWNzVYOHl3LW15aXpRUjFYM3BoT0JSZGdnQi1ZN1lNaTFaSVBzWTk2eHdtdUZrT1VOY09nN0tYcU4zTnU4WllKTXQ0NTFTMTYtaXA0MFVfdzZnYVoyVzVYSENHMlgteHB2eVgzUGZjOUpna2lvWnBRU2FzcjVlRHY0NDJ6YkVGY3hwcVlxU1NnUlAwUmhpYVRXLWY5Unc5XzNnT25RaUExd1A5OVE0MnkxM284TlptLWJfY0FxdzFzUkdCRGVwOEpxc1NneG1kSmYtOHlLekh3?oc=5\" target=\"_blank\" rel=\"nofollow noopener\">Saeim\u0101 \u0101rpolitikas debates \u2013 Latvijai un Eiropai \u00abj\u0101b\u016bt izl\u0113m\u012bg\u0101kai\u00bb un \u00abar\u012b autobuss uz Krieviju ir \u0101rpolitika\u00bb<\/a>&nbsp;&nbsp;LSM<\/li>\n<li><a href=\"https:\/\/news.google.com\/rss\/articles\/CBMicEFVX3lxTE1XS25nVzNLUGh5eFJTRTJDNnFQRG9BTUxBQXpLR2t1UGlYSVhMWUpGM3Q3UV9vQUdXY3dLeEl3SEhWeHB3TkNSc0pva1E1NElxWm5RbjFXYk5ONGJMTHp6TDZQVHdpcVJrUjZuNVpvZHY?oc=5\" target=\"_blank\" rel=\"nofollow noopener\">Deput\u0101te: Pasaule ir sajukusi pr\u0101t\u0101<\/a>&nbsp;&nbsp;TVNET<\/li>\n<li><a href=\"https:\/\/news.google.com\/rss\/articles\/CBMivgFBVV95cUxQamJTYjVmMkV0SUpKZl9HSjA5V0ZfcldEbVVhcW1oNE40WkE0djBKa1E1YkpxbUVPLWVHTHZXeUhiRUd3U192YXNlWkc1UExtN0g3SnN2NG5ydHphTGQwaG1PRktYQnY3UTZXem9GVmdOQktNckNhUDRmbjNQWVREWGZJaW9fNkRqY091RW9QTVZ2TXJzS19CV25Uc0FjLUFnSGFNUmpFbFMxWnZPQW92Tl8wTi04SXdlbzI2NEtR?oc=5\" target=\"_blank\" rel=\"nofollow noopener\">Run\u0101t pret\u012b vai paklus\u0113t? \u0100rpolitikas deba\u0161u fokus\u0101 Latvijas attiec\u012bbas ar ASV<\/a>&nbsp;&nbsp;Delfi<\/li>\n<li><a href=\"https:\/\/news.google.com\/rss\/articles\/CBMinwFBVV95cUxON005RGpWLU5VMi1MMXNDcUtxV0RDYXNPbVdCV1hoeTFva0lMQUR0TTZTdGMwQ19LSVhFeEVISGg2R0h5WnVQNTFZSmZ2dzFnT29kTnJuTjNkb1NSd0JrclhyeXoxalEzTUFpTlNldGx1b085NDVWQkl1ckk0N0c2QTBQOFpVRk1NaFZGUFl0VXc5dUhNZlNGY0VGZmdFN3M?oc=5\" target=\"_blank\" rel=\"nofollow noopener\">\u201cTurpiniet sap\u0146ot!\u201d P\u0113c teju 12 stund\u0101m parlament\u0101rie\u0161i nosl\u0113dz \u0101rpolitikas debates<\/a>&nbsp;&nbsp;LA.LV<\/li>\n<\/ol>\n","protected":false},"excerpt":{"rendered":"Deput\u0101ti Saeimas \u0101rpolitikas debat\u0113s uzman\u012bbu piev\u0113r\u0161 Latvijas un ASV attiec\u012bb\u0101m&nbsp;&nbsp;1188.lv Saeim\u0101 \u0101rpolitikas debates \u2013 Latvijai un Eiropai \u00abj\u0101b\u016bt&hellip;\n","protected":false},"author":2,"featured_media":117010,"comment_status":"","ping_status":"","sticky":false,"template":"","format":"standard","meta":{"footnotes":""},"categories":[12],"tags":[129,1209,1304,23,28,29,32,33,22,30,31,35,39,38,36,37,34,40,20,26,27,1305,1210,1306,1211,24,25,21],"class_list":{"0":"post-117009","1":"post","2":"type-post","3":"status-publish","4":"format-standard","5":"has-post-thumbnail","7":"category-latvija","8":"tag-__typenameadvicekeyword","9":"tag-id824","10":"tag-id970","11":"tag-aktualitates","12":"tag-breaking-news","13":"tag-breakingnews","14":"tag-featured-news","15":"tag-featurednews","16":"tag-headlines","17":"tag-latest-news","18":"tag-latestnews","19":"tag-latvia","20":"tag-latvian","21":"tag-latviesu","22":"tag-latviesu-valoda","23":"tag-latviesuvaloda","24":"tag-latvija","25":"tag-lv","26":"tag-news","27":"tag-popularakas-zinas","28":"tag-popularakaszinas","29":"tag-slug360-zinas","30":"tag-slugpolitika","31":"tag-title360-zinas","32":"tag-titlepolitika","33":"tag-top-stories","34":"tag-topstories","35":"tag-zinas"},"share_on_mastodon":{"url":"https:\/\/pubeurope.com\/@lv\/115980773778476500","error":""},"_links":{"self":[{"href":"https:\/\/www.europesays.com\/lv\/wp-json\/wp\/v2\/posts\/117009","targetHints":{"allow":["GET"]}}],"collection":[{"href":"https:\/\/www.europesays.com\/lv\/wp-json\/wp\/v2\/posts"}],"about":[{"href":"https:\/\/www.europesays.com\/lv\/wp-json\/wp\/v2\/types\/post"}],"author":[{"embeddable":true,"href":"https:\/\/www.europesays.com\/lv\/wp-json\/wp\/v2\/users\/2"}],"replies":[{"embeddable":true,"href":"https:\/\/www.europesays.com\/lv\/wp-json\/wp\/v2\/comments?post=117009"}],"version-history":[{"count":0,"href":"https:\/\/www.europesays.com\/lv\/wp-json\/wp\/v2\/posts\/117009\/revisions"}],"wp:featuredmedia":[{"embeddable":true,"href":"https:\/\/www.europesays.com\/lv\/wp-json\/wp\/v2\/media\/117010"}],"wp:attachment":[{"href":"https:\/\/www.europesays.com\/lv\/wp-json\/wp\/v2\/media?parent=117009"}],"wp:term":[{"taxonomy":"category","embeddable":true,"href":"https:\/\/www.europesays.com\/lv\/wp-json\/wp\/v2\/categories?post=117009"},{"taxonomy":"post_tag","embeddable":true,"href":"https:\/\/www.europesays.com\/lv\/wp-json\/wp\/v2\/tags?post=117009"}],"curies":[{"name":"wp","href":"https:\/\/api.w.org\/{rel}","templated":true}]}}