{"id":117020,"date":"2026-01-29T23:52:07","date_gmt":"2026-01-29T23:52:07","guid":{"rendered":"https:\/\/www.europesays.com\/lv\/117020\/"},"modified":"2026-01-29T23:52:07","modified_gmt":"2026-01-29T23:52:07","slug":"kas-lasams-starp-rindam-situacija-ar-mierinas-vestuli","status":"publish","type":"post","link":"https:\/\/www.europesays.com\/lv\/117020\/","title":{"rendered":"Kas las\u0101ms starp rind\u0101m situ\u0101cij\u0101 ar Mieri\u0146as v\u0113stuli"},"content":{"rendered":"<p>Nesens spilgts piem\u0113rs ir Saeimas priek\u0161s\u0113d\u0113t\u0101jas Daigas Mieri\u0146as (ZZS) parakst\u012bt\u0101 v\u0113stule Nobela pr\u0113mijas komitejai, aicinot pie\u0161\u0137irt <a href=\"https:\/\/www.tvnet.lv\/term\/555410\/asv\" class=\"topicLink\" target=\"_blank\" rel=\"nofollow noopener\">ASV<\/a> prezidentam Donaldam Trampam 2025. gada Nobela Miera pr\u0113miju. Lai gan Mieri\u0146a s\u0101kum\u0101 taisnoj\u0101s, ka esot vien &#8220;izm\u0113\u0123in\u0101jusi&#8221; parakstu (lai ko tas noz\u012bm\u0113tu), ceturtdien Saeimas \u0101rpolitikas debat\u0113s vi\u0146a jau teica ko pavisam citu.<\/p>\n<p>Izanaliz\u0113sim, k\u0101das bija \u0161aj\u0101 gad\u012bjum\u0101 pie\u013caut\u0101s diplom\u0101tisk\u0101s k\u013c\u016bdas.<\/p>\n","protected":false},"excerpt":{"rendered":"Nesens spilgts piem\u0113rs ir Saeimas priek\u0161s\u0113d\u0113t\u0101jas Daigas Mieri\u0146as (ZZS) parakst\u012bt\u0101 v\u0113stule Nobela pr\u0113mijas komitejai, aicinot pie\u0161\u0137irt ASV prezidentam&hellip;\n","protected":false},"author":2,"featured_media":117021,"comment_status":"","ping_status":"","sticky":false,"template":"","format":"standard","meta":{"footnotes":""},"categories":[14],"tags":[23,57,292,14583,447,21544,722,28,29,3524,3464,542,816,1249,32,33,22,30,31,35,39,38,36,37,34,23126,40,26977,20,6080,26,27,24,25,54,55,56,21,58],"class_list":{"0":"post-117020","1":"post","2":"type-post","3":"status-publish","4":"format-standard","5":"has-post-thumbnail","7":"category-zinas-no-arvalstim","8":"tag-aktualitates","9":"tag-arvalstim","10":"tag-asv","11":"tag-asv-kongress","12":"tag-baiba-braze","13":"tag-baltijas-drosibas-iniciativa","14":"tag-baltijas-valstis","15":"tag-breaking-news","16":"tag-breakingnews","17":"tag-daiga-mierina","18":"tag-diplomatija","19":"tag-donalds-tramps","20":"tag-edgars-rinkevics","21":"tag-evika-silina","22":"tag-featured-news","23":"tag-featurednews","24":"tag-headlines","25":"tag-latest-news","26":"tag-latestnews","27":"tag-latvia","28":"tag-latvian","29":"tag-latviesu","30":"tag-latviesu-valoda","31":"tag-latviesuvaloda","32":"tag-latvija","33":"tag-latvijas-arpolitika","34":"tag-lv","35":"tag-maiks-dzonsons","36":"tag-news","37":"tag-nobela-miera-premija","38":"tag-popularakas-zinas","39":"tag-popularakaszinas","40":"tag-top-stories","41":"tag-topstories","42":"tag-world","43":"tag-world-news","44":"tag-worldnews","45":"tag-zinas","46":"tag-zinas-no-arvalstim"},"share_on_mastodon":{"url":"","error":"Validation failed: Text character limit of 500 exceeded"},"_links":{"self":[{"href":"https:\/\/www.europesays.com\/lv\/wp-json\/wp\/v2\/posts\/117020","targetHints":{"allow":["GET"]}}],"collection":[{"href":"https:\/\/www.europesays.com\/lv\/wp-json\/wp\/v2\/posts"}],"about":[{"href":"https:\/\/www.europesays.com\/lv\/wp-json\/wp\/v2\/types\/post"}],"author":[{"embeddable":true,"href":"https:\/\/www.europesays.com\/lv\/wp-json\/wp\/v2\/users\/2"}],"replies":[{"embeddable":true,"href":"https:\/\/www.europesays.com\/lv\/wp-json\/wp\/v2\/comments?post=117020"}],"version-history":[{"count":0,"href":"https:\/\/www.europesays.com\/lv\/wp-json\/wp\/v2\/posts\/117020\/revisions"}],"wp:featuredmedia":[{"embeddable":true,"href":"https:\/\/www.europesays.com\/lv\/wp-json\/wp\/v2\/media\/117021"}],"wp:attachment":[{"href":"https:\/\/www.europesays.com\/lv\/wp-json\/wp\/v2\/media?parent=117020"}],"wp:term":[{"taxonomy":"category","embeddable":true,"href":"https:\/\/www.europesays.com\/lv\/wp-json\/wp\/v2\/categories?post=117020"},{"taxonomy":"post_tag","embeddable":true,"href":"https:\/\/www.europesays.com\/lv\/wp-json\/wp\/v2\/tags?post=117020"}],"curies":[{"name":"wp","href":"https:\/\/api.w.org\/{rel}","templated":true}]}}