{"id":117031,"date":"2026-01-30T00:14:07","date_gmt":"2026-01-30T00:14:07","guid":{"rendered":"https:\/\/www.europesays.com\/lv\/117031\/"},"modified":"2026-01-30T00:14:07","modified_gmt":"2026-01-30T00:14:07","slug":"felikss-kigelis-aicina-uz-grandiozu-50-jubilejas-koncertu-vef-kulturas-pili-lente-lv","status":"publish","type":"post","link":"https:\/\/www.europesays.com\/lv\/117031\/","title":{"rendered":"F\u0113likss \u0136i\u0123elis aicina uz grandiozu 50. jubilejas koncertu VEF Kult\u016bras pil\u012b\u00a0\u2014\u00a0Lente.lv"},"content":{"rendered":"<p>Lielais jubilejas koncerts R\u012bg\u0101<\/p>\n<p>M\u016bzi\u0137is F\u0113likss \u0136i\u0123elis atz\u012bm\u0113s savu 50. jubileju ar \u012bpa\u0161u lielkoncertu &#8220;F\u0113likss \u0136i\u0123elis \u2013 \u013coti \u012bpa\u0161s koncerts&#8221;, kas notiks 2026. gada 26. febru\u0101r\u012b R\u012bg\u0101, VEF Kult\u016bras pil\u012b. K\u0101 zi\u0146o telekan\u0101ls TV3, pas\u0101kums norisin\u0101sies dienu p\u0113c vi\u0146a dzim\u0161anas dienas, pied\u0101v\u0101jot divu stundu garu rokm\u016bzikas programmu. Koncert\u0101 F\u0113liksu \u0136i\u0123eli uz skatuves pavad\u012bs gan vi\u0146a ilggad\u0113jie kol\u0113\u0123i un draugi, gan ar\u012b Tumes jauktais koris Martas Ozolas vad\u012bb\u0101.<\/p>\n<p>Zvaig\u017e\u0146oti viesi un muzik\u0101li p\u0101rsteigumi<\/p>\n<p>Uz skatuves k\u0101ps pla\u0161s m\u016bzi\u0137u un rado\u0161o kol\u0113\u0123u loks, bez kuriem nav iedom\u0101jama F\u0113liksa \u0136i\u0123e\u013ca dai\u013crade. Starp gaid\u0101majiem viesiem ir t\u0101di Latvij\u0101 paz\u012bstami m\u016bzi\u0137i k\u0101 Igo, Armands Alksnis, Miks Dukurs, M\u0101ris \u017digats un citi p\u0101rsteiguma viesi. Vi\u0146i kop\u0101 izpild\u012bs F\u0113liksa \u0136i\u0123e\u013ca popul\u0101r\u0101k\u0101s dziesmas, solot sp\u0113c\u012bgu un aizraujo\u0161u latvie\u0161u rokm\u016bzikas baud\u012bjumu.<\/p>\n<p>F\u0113liksa \u0136i\u0123e\u013ca muzik\u0101l\u0101 karjera<\/p>\n<p>F\u0113likss \u0136i\u0123elis, dzimis 1976. gada 25. febru\u0101r\u012b Liep\u0101j\u0101, ir latvie\u0161u rokm\u016bzi\u0137is, \u0123it\u0101rists, dzied\u0101t\u0101js un komponists. Vi\u0146a muzik\u0101l\u0101 karjera s\u0101k\u0101s 1990. gadu s\u0101kum\u0101 k\u0101 grupas &#8220;Tumsa&#8221; (s\u0101kotn\u0113ji &#8220;Katapults&#8221;) dibin\u0101t\u0101jam un solistam. V\u0113l\u0101k vi\u0146\u0161 bija viens no grupas &#8220;Meln\u0101 Princese&#8221; dibin\u0101t\u0101jiem, ar ko 1997. gad\u0101 uzvar\u0113ja festiv\u0101l\u0101 &#8220;Liep\u0101jas Dzintars&#8221;. Kop\u0161 2000. gada F\u0113likss \u0136i\u0123elis veiksm\u012bgi att\u012bsta savu solokarjeru, izdodot vair\u0101kus soloalbumus un ie\u0146emot noz\u012bm\u012bgu vietu Latvijas rokm\u016bzikas ainav\u0101. Vi\u0146a t\u0113vs bija le\u0123end\u0101rais rokm\u016bzi\u0137is \u0112riks \u0136i\u0123elis. F\u0113liksa \u0136i\u0123e\u013ca dai\u013cradei rakstur\u012bga jaud\u012bga latvie\u0161u rokm\u016bzika, un vi\u0146a dziesmas, piem\u0113ram, &#8220;Lietus sa\u0161uj&#8221; un &#8220;V\u0113j\u0101&#8221;, ir iekaroju\u0161as klaus\u012bt\u0101ju sirdis un radiostaciju topus.<\/p>\n<p>V\u0113sturiskie koncerti un sasniegumi<\/p>\n<p>F\u0113liksa \u0136i\u0123e\u013ca jubilejas koncerti ir k\u013cuvu\u0161i par trad\u012bciju. Iepriek\u0161\u0113jie noz\u012bm\u012bgie notikumi ietver vi\u0146a 40. jubilejas koncertu &#8220;M\u016bzikas nam\u0101 &#8220;Daile&#8221;&#8221;, kur\u0101 piedal\u012bj\u0101s daudzi draugi un kol\u0113\u0123i, tostarp ar\u012b vi\u0146a d\u0113ls \u0112riks \u0136i\u0123elis jaun\u0101kais. Vi\u0146\u0161 ir ar\u012b populariz\u0113jis sava t\u0113va dai\u013cradi, izpildot vi\u0146a dziesmas un saglab\u0101jot \u0136i\u0123e\u013cu muzik\u0101lo dinastiju. F\u0113liksa \u0136i\u0123e\u013ca rado\u0161ais ce\u013c\u0161 ir bag\u0101ts ar desmit studijas albumiem un sadarb\u012bbu ar daudziem Latvijas m\u016bzi\u0137iem.<\/p>\n","protected":false},"excerpt":{"rendered":"Lielais jubilejas koncerts R\u012bg\u0101 M\u016bzi\u0137is F\u0113likss \u0136i\u0123elis atz\u012bm\u0113s savu 50. jubileju ar \u012bpa\u0161u lielkoncertu &#8220;F\u0113likss \u0136i\u0123elis \u2013 \u013coti&hellip;\n","protected":false},"author":2,"featured_media":117032,"comment_status":"","ping_status":"","sticky":false,"template":"","format":"standard","meta":{"footnotes":""},"categories":[19],"tags":[89,15292,90,2916,202,35,39,38,2993,36,37,34,40,431],"class_list":{"0":"post-117031","1":"post","2":"type-post","3":"status-publish","4":"format-standard","5":"has-post-thumbnail","7":"category-izklaide","8":"tag-entertainment","9":"tag-felikss-kigelis","10":"tag-izklaide","11":"tag-jubileja","12":"tag-koncerts","13":"tag-latvia","14":"tag-latvian","15":"tag-latviesu","16":"tag-latviesu-rokmuzika","17":"tag-latviesu-valoda","18":"tag-latviesuvaloda","19":"tag-latvija","20":"tag-lv","21":"tag-vef-kulturas-pils"},"share_on_mastodon":{"url":"https:\/\/pubeurope.com\/@lv\/115981167013181710","error":""},"_links":{"self":[{"href":"https:\/\/www.europesays.com\/lv\/wp-json\/wp\/v2\/posts\/117031","targetHints":{"allow":["GET"]}}],"collection":[{"href":"https:\/\/www.europesays.com\/lv\/wp-json\/wp\/v2\/posts"}],"about":[{"href":"https:\/\/www.europesays.com\/lv\/wp-json\/wp\/v2\/types\/post"}],"author":[{"embeddable":true,"href":"https:\/\/www.europesays.com\/lv\/wp-json\/wp\/v2\/users\/2"}],"replies":[{"embeddable":true,"href":"https:\/\/www.europesays.com\/lv\/wp-json\/wp\/v2\/comments?post=117031"}],"version-history":[{"count":0,"href":"https:\/\/www.europesays.com\/lv\/wp-json\/wp\/v2\/posts\/117031\/revisions"}],"wp:featuredmedia":[{"embeddable":true,"href":"https:\/\/www.europesays.com\/lv\/wp-json\/wp\/v2\/media\/117032"}],"wp:attachment":[{"href":"https:\/\/www.europesays.com\/lv\/wp-json\/wp\/v2\/media?parent=117031"}],"wp:term":[{"taxonomy":"category","embeddable":true,"href":"https:\/\/www.europesays.com\/lv\/wp-json\/wp\/v2\/categories?post=117031"},{"taxonomy":"post_tag","embeddable":true,"href":"https:\/\/www.europesays.com\/lv\/wp-json\/wp\/v2\/tags?post=117031"}],"curies":[{"name":"wp","href":"https:\/\/api.w.org\/{rel}","templated":true}]}}