{"id":117043,"date":"2026-01-30T00:38:06","date_gmt":"2026-01-30T00:38:06","guid":{"rendered":"https:\/\/www.europesays.com\/lv\/117043\/"},"modified":"2026-01-30T00:38:06","modified_gmt":"2026-01-30T00:38:06","slug":"dzeniferas-anistones-partneris-atklaj-ka-sakas-vinu-attiecibas-un-neslepj-sasarkstot-lente-lv","status":"publish","type":"post","link":"https:\/\/www.europesays.com\/lv\/117043\/","title":{"rendered":"D\u017eeniferas Anistones partneris atkl\u0101j, k\u0101 s\u0101k\u0101s vi\u0146u attiec\u012bbas, un nesl\u0113pj sasarkstot\u00a0\u2014\u00a0Lente.lv"},"content":{"rendered":"<p>Anistones un K\u0113rtisa rom\u0101ns atkl\u0101t\u012bb\u0101<\/p>\n<p>Seri\u0101la \u201cDraugi\u201d aktrise D\u017eenifera Anistone kop\u0161 2025. gada j\u016blija ir romantisk\u0101s attiec\u012bb\u0101s ar hipnoterapeitu D\u017eimu K\u0113rtisu. Nesen K\u0113rtiss viesojies popul\u0101raj\u0101 sarunu \u0161ov\u0101 \u201cToday Show\u201d, kur vi\u0146u iztauj\u0101ja par abu attiec\u012bbu s\u0101kumposmu. K\u0101 inform\u0113 port\u0101ls jauns.lv, \u0161\u012b bija pirm\u0101 reize, kad K\u0113rtiss publiski run\u0101ja par sav\u0101m j\u016bt\u0101m pret Anistoni, un \u0161\u012b t\u0113ma vi\u0146am lika man\u0101mi nosarkt.<\/p>\n<p>Iepaz\u012b\u0161an\u0101s caur kop\u012bgiem draugiem<\/p>\n<p>Uz jaut\u0101jumu par to, k\u0101 vi\u0146\u0161 saticis Anistoni, K\u0113rtiss cent\u0101s atbild\u0113t \u012bsi, sakot: \u201cM\u016bs iepaz\u012bstin\u0101ja draugi. Tas ar\u012b viss.\u201d Vi\u0146\u0161 piebilda, ka vi\u0146iem atkl\u0101jies, ka vi\u0146iem ir kop\u012bgi draugi, kas veicin\u0101jis sarunu uzs\u0101k\u0161anu. Raid\u012bjuma vad\u012bt\u0101js Kreigs Melvins jokojot vaic\u0101ja, vai tas bijis k\u0101ds no \u201cDraugu\u201d seri\u0101la varo\u0146iem \u2013 D\u017eouijs vai Ross? K\u0113rtiss ar smaidu atbild\u0113ja, ka \u201cvisi draugi\u201d.<\/p>\n<p>Ilgs ce\u013c\u0161 l\u012bdz attiec\u012bb\u0101m<\/p>\n<p>K\u0113rtiss atkl\u0101ja, ka attiec\u012bbu s\u0101kums nav bijis \u0101trs. \u201cPag\u0101ja ilgs laiks. M\u0113s pavad\u012bj\u0101m iev\u0113rojamu periodu sarun\u0101s l\u012bdz satuvin\u0101j\u0101mies,\u201d vi\u0146\u0161 atcer\u0113j\u0101s. Lai gan prec\u012bzus datumus vi\u0146\u0161 neatkl\u0101ja, hipnoterapeits apliecin\u0101ja, ka attiec\u012bbas ir stabilas jau labu laiku \u2013 \u201cgandr\u012bz jau gadu.\u201d \u0160\u012b atkl\u0101t\u012bba n\u0101ca br\u012bd\u012b, kad K\u0113rtiss, run\u0101jot par attiec\u012bbu s\u0101kumu, man\u0101mi nosarka, ko vad\u012bt\u0101js ar\u012b paman\u012bja un izmantoja k\u0101 iesp\u0113ju padiskut\u0113t par K\u0113rtisa kautr\u012bbu.<\/p>\n<p>Attiec\u012bbas ofici\u0101li apstiprin\u0101tas<\/p>\n<p>P\u0101ris pirmo reizi tika romantiski saist\u012bts 2025. gada j\u016blij\u0101, kad vi\u0146i tika man\u012bti kop\u012bg\u0101s br\u012bvdien\u0101s Maljork\u0101, Sp\u0101nij\u0101. Tom\u0113r, k\u0101 atkl\u0101jies, vi\u0146i iepazinu\u0161ies jau krietni agr\u0101k. Ofici\u0101li attiec\u012bbas tika apliecin\u0101tas 2025. gada novembr\u012b, kad Anistone public\u0113ja kop\u012bgu fotogr\u0101fiju \u201cInstagram\u201d ar sirsn\u012bgu parakstu: \u201cDaudz laimes dzim\u0161anas dien\u0101, mana m\u012blest\u012bba.\u201d<\/p>\n","protected":false},"excerpt":{"rendered":"Anistones un K\u0113rtisa rom\u0101ns atkl\u0101t\u012bb\u0101 Seri\u0101la \u201cDraugi\u201d aktrise D\u017eenifera Anistone kop\u0161 2025. gada j\u016blija ir romantisk\u0101s attiec\u012bb\u0101s ar&hellip;\n","protected":false},"author":2,"featured_media":117044,"comment_status":"","ping_status":"","sticky":false,"template":"","format":"standard","meta":{"footnotes":"","_share_on_mastodon":"0"},"categories":[19],"tags":[262,26987,11352,26986,89,90,35,39,38,36,37,34,40,1430],"class_list":["post-117043","post","type-post","status-publish","format-standard","has-post-thumbnail","category-izklaide","tag-attiecibas","tag-draugi","tag-dzenifera-anistone","tag-dzims-kertiss","tag-entertainment","tag-izklaide","tag-latvia","tag-latvian","tag-latviesu","tag-latviesu-valoda","tag-latviesuvaloda","tag-latvija","tag-lv","tag-slavenibas"],"share_on_mastodon":{"url":"https:\/\/pubeurope.com\/@lv\/115981261443136757","error":""},"_links":{"self":[{"href":"https:\/\/www.europesays.com\/lv\/wp-json\/wp\/v2\/posts\/117043","targetHints":{"allow":["GET"]}}],"collection":[{"href":"https:\/\/www.europesays.com\/lv\/wp-json\/wp\/v2\/posts"}],"about":[{"href":"https:\/\/www.europesays.com\/lv\/wp-json\/wp\/v2\/types\/post"}],"author":[{"embeddable":true,"href":"https:\/\/www.europesays.com\/lv\/wp-json\/wp\/v2\/users\/2"}],"replies":[{"embeddable":true,"href":"https:\/\/www.europesays.com\/lv\/wp-json\/wp\/v2\/comments?post=117043"}],"version-history":[{"count":0,"href":"https:\/\/www.europesays.com\/lv\/wp-json\/wp\/v2\/posts\/117043\/revisions"}],"wp:featuredmedia":[{"embeddable":true,"href":"https:\/\/www.europesays.com\/lv\/wp-json\/wp\/v2\/media\/117044"}],"wp:attachment":[{"href":"https:\/\/www.europesays.com\/lv\/wp-json\/wp\/v2\/media?parent=117043"}],"wp:term":[{"taxonomy":"category","embeddable":true,"href":"https:\/\/www.europesays.com\/lv\/wp-json\/wp\/v2\/categories?post=117043"},{"taxonomy":"post_tag","embeddable":true,"href":"https:\/\/www.europesays.com\/lv\/wp-json\/wp\/v2\/tags?post=117043"}],"curies":[{"name":"wp","href":"https:\/\/api.w.org\/{rel}","templated":true}]}}