{"id":117045,"date":"2026-01-30T00:39:10","date_gmt":"2026-01-30T00:39:10","guid":{"rendered":"https:\/\/www.europesays.com\/lv\/117045\/"},"modified":"2026-01-30T00:39:10","modified_gmt":"2026-01-30T00:39:10","slug":"vilmanis-gust-vartus-panthers-zaudejuma-pret-jutas-mammoth-lente-lv","status":"publish","type":"post","link":"https:\/\/www.europesays.com\/lv\/117045\/","title":{"rendered":"Vilmanis g\u016bst v\u0101rtus &#8220;Panthers&#8221; zaud\u0113jum\u0101 pret J\u016btas &#8220;Mammoth&#8221;\u00a0\u2014\u00a0Lente.lv"},"content":{"rendered":"<p>Latvie\u0161u uzbruc\u0113ja pirmais v\u0101rtu guvums NHL<\/p>\n<p>Latvijas uzbruc\u0113js Sandis Vilmanis otrdien guva savus pirmos v\u0101rtus Nacion\u0101l\u0101s hokeja l\u012bgas (NHL) sp\u0113l\u0113, ta\u010du tas negl\u0101ba vi\u0146a p\u0101rst\u0101v\u0113to Floridas &#8220;Panthers&#8221; no zaud\u0113juma sav\u0101 laukum\u0101 pret J\u016btas &#8220;Mammoth&#8221; ar 3:4. Vilmanis atz\u012bm\u0113j\u0101s otr\u0101 perioda tre\u0161aj\u0101 min\u016bt\u0113, pan\u0101kot 1:1. Vi\u0146a ripa tika atz\u012bta par sp\u0113les otr\u0101s spo\u017e\u0101k\u0101s zvaigznes v\u0101rtiem. \u0160ie v\u0101rti padara Vilmani par 19. latvieti v\u0113stur\u0113, kuram izdevies g\u016bt vismaz vienus v\u0101rtus pasaules sp\u0113c\u012bg\u0101kaj\u0101 hokeja l\u012bg\u0101.<\/p>\n<p>Sp\u0113les gaita un Vilma\u0146a sniegums<\/p>\n<p>Sp\u0113le norisin\u0101j\u0101s 27. janv\u0101r\u012b, un &#8220;Panthers&#8221; piedz\u012bvoja zaud\u0113jumu ar rezult\u0101tu 3:4, p\u0101rtraucot tr\u012bs uzvaru s\u0113riju. Vilmanis laukum\u0101 pavad\u012bja asto\u0146as min\u016btes un tr\u012bs sekundes, izpildot divus metienus pa v\u0101rtiem un pielietojot piecus sp\u0113ka pa\u0146\u0113mienus, kas bija lab\u0101kais r\u0101d\u012bt\u0101js komand\u0101. Vi\u0146\u0161 uzvar\u0113ja vien\u012bgaj\u0101 iemetien\u0101, ko veica, un nosl\u0113dza sp\u0113li ar dal\u012bti lab\u0101ko lietder\u012bbas koeficientu komand\u0101 +2.<\/p>\n<p>Balinska dal\u012bba sp\u0113l\u0113<\/p>\n<p>Latvijas aizsargs Uvis Balinskis ar\u012b piedal\u012bj\u0101s \u0161aj\u0101 sp\u0113l\u0113, laukum\u0101 pavadot 20 min\u016btes un 55 sekundes, no kur\u0101m vair\u0101k nek\u0101 \u010detras min\u016btes tika aizvad\u012btas vair\u0101kum\u0101. Vi\u0146\u0161 veica divus metienus pa v\u0101rtiem, pielietoja tr\u012bs sp\u0113ka pa\u0146\u0113mienus un ma\u010du nosl\u0113dza ar lietder\u012bbas koeficientu -1.<\/p>\n<p>Panthers komandas sezona un statistika<\/p>\n<p>Floridas &#8220;Panthers&#8221; \u0161obr\u012bd ie\u0146em dev\u012bto vietu NHL Austrumu konferences turn\u012bra tabul\u0101 ar 59 punktiem 52 sp\u0113l\u0113s. Komandas kop\u0113j\u0101 statistika NHL sezon\u0101 ietver 154 g\u016btos v\u0101rtus un 164 ielaistos v\u0101rtus. N\u0101kamo sp\u0113li &#8220;Panthers&#8221; aizvad\u012bs nakt\u012b uz piektdienu, tiekoties izbraukum\u0101 ar Sentluisas &#8220;Blues&#8221;.<\/p>\n<p>Sandim Vilmanim pirmie v\u0101rti NHL<\/p>\n<p>Vilmanim \u0161\u012b bija dev\u012bt\u0101 sp\u0113le NHL, kur\u0101 vi\u0146\u0161 guvis savus pirmos punktus (1+1). Vi\u0146a NHL debija notika 2026. gada janv\u0101r\u012b.<\/p>\n","protected":false},"excerpt":{"rendered":"Latvie\u0161u uzbruc\u0113ja pirmais v\u0101rtu guvums NHL Latvijas uzbruc\u0113js Sandis Vilmanis otrdien guva savus pirmos v\u0101rtus Nacion\u0101l\u0101s hokeja l\u012bgas&hellip;\n","protected":false},"author":2,"featured_media":117046,"comment_status":"","ping_status":"","sticky":false,"template":"","format":"standard","meta":{"footnotes":""},"categories":[17],"tags":[425,394,11223,35,39,38,36,37,34,40,835,422,67],"class_list":{"0":"post-117045","1":"post","2":"type-post","3":"status-publish","4":"format-standard","5":"has-post-thumbnail","7":"category-sports","8":"tag-floridas-panthers","9":"tag-hokejs","10":"tag-jutas-mammoth","11":"tag-latvia","12":"tag-latvian","13":"tag-latviesu","14":"tag-latviesu-valoda","15":"tag-latviesuvaloda","16":"tag-latvija","17":"tag-lv","18":"tag-nhl","19":"tag-sandis-vilmanis","20":"tag-sports"},"share_on_mastodon":{"url":"https:\/\/pubeurope.com\/@lv\/115981265328823139","error":""},"_links":{"self":[{"href":"https:\/\/www.europesays.com\/lv\/wp-json\/wp\/v2\/posts\/117045","targetHints":{"allow":["GET"]}}],"collection":[{"href":"https:\/\/www.europesays.com\/lv\/wp-json\/wp\/v2\/posts"}],"about":[{"href":"https:\/\/www.europesays.com\/lv\/wp-json\/wp\/v2\/types\/post"}],"author":[{"embeddable":true,"href":"https:\/\/www.europesays.com\/lv\/wp-json\/wp\/v2\/users\/2"}],"replies":[{"embeddable":true,"href":"https:\/\/www.europesays.com\/lv\/wp-json\/wp\/v2\/comments?post=117045"}],"version-history":[{"count":0,"href":"https:\/\/www.europesays.com\/lv\/wp-json\/wp\/v2\/posts\/117045\/revisions"}],"wp:featuredmedia":[{"embeddable":true,"href":"https:\/\/www.europesays.com\/lv\/wp-json\/wp\/v2\/media\/117046"}],"wp:attachment":[{"href":"https:\/\/www.europesays.com\/lv\/wp-json\/wp\/v2\/media?parent=117045"}],"wp:term":[{"taxonomy":"category","embeddable":true,"href":"https:\/\/www.europesays.com\/lv\/wp-json\/wp\/v2\/categories?post=117045"},{"taxonomy":"post_tag","embeddable":true,"href":"https:\/\/www.europesays.com\/lv\/wp-json\/wp\/v2\/tags?post=117045"}],"curies":[{"name":"wp","href":"https:\/\/api.w.org\/{rel}","templated":true}]}}