{"id":11707,"date":"2025-10-03T18:20:13","date_gmt":"2025-10-03T18:20:13","guid":{"rendered":"https:\/\/www.europesays.com\/lv\/11707\/"},"modified":"2025-10-03T18:20:13","modified_gmt":"2025-10-03T18:20:13","slug":"bankas-darbiniece-17-gadus-veikusi-nelikumigas-darbibas-ar-klientu-lidzekliem","status":"publish","type":"post","link":"https:\/\/www.europesays.com\/lv\/11707\/","title":{"rendered":"Bankas darbiniece 17 gadus veikusi nelikum\u012bgas darb\u012bbas ar klientu l\u012bdzek\u013ciem"},"content":{"rendered":"<p>Vi\u0146a inform\u0113ja, ka aizdom\u0101s tur\u0113t\u0101, ie\u0146emot <a href=\"https:\/\/www.apollo.lv\/term\/555854\/bankas\" class=\"topicLink\" target=\"_blank\" rel=\"nofollow noopener\">bankas<\/a> fili\u0101les vad\u012bt\u0101jas amatu, bez klientu zi\u0146as veica vi\u0146u v\u0101rd\u0101 prettiesiskas darb\u012bbas ar finan\u0161u instrumentiem, t\u0101d\u0113j\u0101di ieg\u016bstot bankas klientiem piedero\u0161u naudu.<\/p>\n<p>Kred\u012btiest\u0101de ir atl\u012bdzin\u0101jusi klientiem nodar\u012btos materi\u0101los zaud\u0113jumus, t\u0101d\u0113j\u0101di ieg\u016bstot cietu\u0161\u0101s personas statusu.<\/p>\n<p>VP bija sa\u0146emts iesniegums no k\u0101das bankas klienta, kur\u0161 zi\u0146oja par iesp\u0113jam\u0101m noziedz\u012bg\u0101m darb\u012bb\u0101m. Saist\u012bb\u0101 ar sa\u0146emto inform\u0101ciju 2020.gada 5.august\u0101 VP tika s\u0101kts krimin\u0101lprocess.<\/p>\n<p>Izmekl\u0113\u0161anas laik\u0101 noskaidrots, ka persona, ie\u0146emot bankas fili\u0101les vad\u012bt\u0101jas amatu, ilgsto\u0161i, no 2003.gada decembra l\u012bdz 2020.gada maijam, \u013caunpr\u0101t\u012bgi izmantoja savas pilnvaras un bez klientu zi\u0146as noform\u0113ja att\u0101lin\u0101to bankas pakalpojumu l\u012bgumus, re\u0123istr\u0113ja jaunu kodu kar\u0161u jeb kodu kalkulatoru un maks\u0101\u0161anas kar\u0161u izsnieg\u0161anu, p\u0101rtrauca depoz\u012btu un noguld\u012bjumu l\u012bgumus, noform\u0113ja aizdevuma l\u012bgumus un prettiesiski p\u0101rskait\u012bja klientu naudu, t\u0101d\u0101 veid\u0101 piek\u013c\u016bstot vi\u0146u finan\u0161u l\u012bdzek\u013ciem.<\/p>\n<p>Atkl\u0101jies, ka aizdom\u0101s tur\u0113t\u0101 persona bija darbojusies rafin\u0113ti. Lai sl\u0113ptu darb\u012bbas, vi\u0146a vienu da\u013cu l\u012bdzek\u013cu izmantoja, lai segtu citu klientu pras\u012bbas.<\/p>\n<blockquote class=\"quote ck-widget\" contenteditable=\"false\">\n<p>Sieviete kopum\u0101 prettiesiski izmantojusi 19 personu maks\u0101\u0161anas l\u012bdzek\u013cus, nodarot zaud\u0113jumus ne maz\u0101k k\u0101 203 000 eiro apm\u0113r\u0101.<\/p>\n<\/blockquote>\n","protected":false},"excerpt":{"rendered":"Vi\u0146a inform\u0113ja, ka aizdom\u0101s tur\u0113t\u0101, ie\u0146emot bankas fili\u0101les vad\u012bt\u0101jas amatu, bez klientu zi\u0146as veica vi\u0146u v\u0101rd\u0101 prettiesiskas darb\u012bbas&hellip;\n","protected":false},"author":2,"featured_media":11708,"comment_status":"","ping_status":"","sticky":false,"template":"","format":"standard","meta":{"footnotes":""},"categories":[12],"tags":[23,780,28,29,32,33,22,30,31,35,39,38,36,37,34,40,20,163,26,27,24,25,138,21],"class_list":{"0":"post-11707","1":"post","2":"type-post","3":"status-publish","4":"format-standard","5":"has-post-thumbnail","7":"category-latvija","8":"tag-aktualitates","9":"tag-bankas","10":"tag-breaking-news","11":"tag-breakingnews","12":"tag-featured-news","13":"tag-featurednews","14":"tag-headlines","15":"tag-latest-news","16":"tag-latestnews","17":"tag-latvia","18":"tag-latvian","19":"tag-latviesu","20":"tag-latviesu-valoda","21":"tag-latviesuvaloda","22":"tag-latvija","23":"tag-lv","24":"tag-news","25":"tag-policija","26":"tag-popularakas-zinas","27":"tag-popularakaszinas","28":"tag-top-stories","29":"tag-topstories","30":"tag-valsts-policija","31":"tag-zinas"},"share_on_mastodon":{"url":"","error":""},"_links":{"self":[{"href":"https:\/\/www.europesays.com\/lv\/wp-json\/wp\/v2\/posts\/11707","targetHints":{"allow":["GET"]}}],"collection":[{"href":"https:\/\/www.europesays.com\/lv\/wp-json\/wp\/v2\/posts"}],"about":[{"href":"https:\/\/www.europesays.com\/lv\/wp-json\/wp\/v2\/types\/post"}],"author":[{"embeddable":true,"href":"https:\/\/www.europesays.com\/lv\/wp-json\/wp\/v2\/users\/2"}],"replies":[{"embeddable":true,"href":"https:\/\/www.europesays.com\/lv\/wp-json\/wp\/v2\/comments?post=11707"}],"version-history":[{"count":0,"href":"https:\/\/www.europesays.com\/lv\/wp-json\/wp\/v2\/posts\/11707\/revisions"}],"wp:featuredmedia":[{"embeddable":true,"href":"https:\/\/www.europesays.com\/lv\/wp-json\/wp\/v2\/media\/11708"}],"wp:attachment":[{"href":"https:\/\/www.europesays.com\/lv\/wp-json\/wp\/v2\/media?parent=11707"}],"wp:term":[{"taxonomy":"category","embeddable":true,"href":"https:\/\/www.europesays.com\/lv\/wp-json\/wp\/v2\/categories?post=11707"},{"taxonomy":"post_tag","embeddable":true,"href":"https:\/\/www.europesays.com\/lv\/wp-json\/wp\/v2\/tags?post=11707"}],"curies":[{"name":"wp","href":"https:\/\/api.w.org\/{rel}","templated":true}]}}