{"id":117123,"date":"2026-01-30T05:47:07","date_gmt":"2026-01-30T05:47:07","guid":{"rendered":"https:\/\/www.europesays.com\/lv\/117123\/"},"modified":"2026-01-30T05:47:07","modified_gmt":"2026-01-30T05:47:07","slug":"grupa-midnight-five-aicina-uz-ipasu-valentina-dienas-koncertu-riga-lente-lv","status":"publish","type":"post","link":"https:\/\/www.europesays.com\/lv\/117123\/","title":{"rendered":"Grupa &#8220;Midnight Five&#8221; aicina uz \u012bpa\u0161u Valent\u012bna dienas koncertu R\u012bg\u0101\u00a0\u2014\u00a0Lente.lv"},"content":{"rendered":"<p>Grupa &#8220;Midnight Five&#8221; svin\u0113s m\u012blest\u012bbas sv\u0113tkus ar koncertu<\/p>\n<p>Grupa &#8220;Midnight Five&#8221; aicina uz \u012bpa\u0161u koncertu, kas velt\u012bts Valent\u012bna dienai. Pas\u0101kums notiks 2026. gada 14. febru\u0101r\u012b plkst. 17:00 Dizaina Fabrik\u0101, R\u012bg\u0101. K\u0101 zi\u0146o telekan\u0101ls TV3, grupa ir sagatavojusi programmu, kur\u0101 skan\u0113s sabiedr\u012bb\u0101 iem\u012b\u013cotas latvie\u0161u un \u0101rzemju kompoz\u012bcijas jaun\u0101s, sv\u0113tkiem pieska\u0146ot\u0101s aran\u017eij\u0101s. Koncerts pied\u0101v\u0101s vakaru, kur\u0101 satiksies dz\u012bvs skan\u0113jums, vizu\u0101l\u0101 scenogr\u0101fija un m\u016bsdienu tehnolo\u0123ijas, radot unik\u0101lu atmosf\u0113ru m\u012blest\u012bbas sv\u0113tku noska\u0146\u0101s. Bi\u013cetes uz pas\u0101kumu ir pieejamas Bi\u013ce\u0161u Parad\u012bzes tirdzniec\u012bbas viet\u0101s.<\/p>\n<p>M\u016bzi\u0137i ar sp\u0113c\u012bgu akad\u0113misko b\u0101zi<\/p>\n<p>Grupas &#8220;Midnight Five&#8221; sast\u0101v\u0101 \u0161obr\u012bd akt\u012bvi darbojas pieci jauni m\u016bzi\u0137i, kuriem visiem ir kop\u012bgs, ka vi\u0146i ir R\u012bgas Doma kora skolas absolventi. T\u0101s ir Latvijas m\u016bzikas vid\u0113 zin\u0101m\u0101s balsis: Rihards Lapi\u0146\u0161, Em\u012bls Gilu\u010ds-L\u0101cis, J\u0113kabs Krists Kalni\u0146\u0161, Daniels Peln\u0113ns un Eremijs S\u0113j\u0101ns. \u0160\u012b muzik\u0101l\u0101 kop\u012bba, kas dibin\u0101ta 2020. gad\u0101, izce\u013cas ar savu akad\u0113misko sagatavot\u012bbu un sp\u0113ju izpild\u012bt da\u017e\u0101du stilu m\u016bziku augst\u0101 kvalit\u0101t\u0113, bie\u017ei vien veidojot ska\u0146darbus a cappella vai sadarbojoties ar citiem m\u0101ksliniekiem. Grupa ir akt\u012bva koncertdarb\u012bb\u0101, uzst\u0101joties gan savdab\u012bgos projektos, gan sadarbojoties ar paz\u012bstamiem Latvijas m\u0101ksliniekiem, piem\u0113ram, dzied\u0101t\u0101ju Lindu Leen.<\/p>\n<p>\u012apa\u0161\u0101 koncertprogramma m\u012bl\u0113t\u0101jiem<\/p>\n<p>Koncerta programm\u0101 izskan\u0113s \u012bpa\u0161i aran\u017e\u0113tas zin\u0101mas melodijas, tostarp t\u0101di ska\u0146darbi k\u0101 &#8220;Muzikanti nedejo&#8221;, &#8220;Mu\u013c\u0137e sirds&#8221; un &#8220;The love you&#8217;re given&#8221;. \u0160is pas\u0101kums ir k\u0101 velt\u012bjums visiem, kas v\u0113las 14. febru\u0101ra vakaru piepild\u012bt ar silt\u0101m emocij\u0101m un skaist\u0101m melodij\u0101m, aicinot klaus\u012bt\u0101jus kop\u0101 piedz\u012bvot sirsn\u012bgu un sirdssiltu atmosf\u0113ru. Dizaina Fabrika, kur\u0101 notiks koncerts, ir ne tikai m\u016bzikas izpildes vieta, bet ar\u012b automatiz\u0113ta multimediju papildin\u0101t\u0101s realit\u0101tes studija, kas pied\u0101v\u0101 unik\u0101las iesp\u0113jas vizu\u0101l\u0101s un tehnolo\u0123isk\u0101s izpausmes zi\u0146\u0101, \u013caujot apvienot dz\u012bvu skan\u0113jumu ar iespaid\u012bgu vizu\u0101lo est\u0113tiku un gaismas scenogr\u0101fiju.<\/p>\n<p>R\u012bgas Doma kora skolas trad\u012bcijas un jaunrade<\/p>\n<p>R\u012bgas Doma kora skola, kuru absolv\u0113ju\u0161i grupas dal\u012bbnieki, ir noz\u012bm\u012bga Latvijas kult\u016brizgl\u012bt\u012bbas iest\u0101de, kas dibin\u0101ta 1994. gad\u0101 ar m\u0113r\u0137i att\u012bst\u012bt kordzied\u0101\u0161anas un diri\u0123\u0113\u0161anas trad\u012bcijas. Skola ir izaudzin\u0101jusi daudzus talant\u012bgus m\u016bzi\u0137us un devusi iev\u0113rojamu ieguld\u012bjumu Latvijas kult\u016brtelp\u0101. T\u0101 ir augsti nov\u0113rt\u0113ta profesion\u0101l\u0101s vid\u0113j\u0101s izgl\u012bt\u012bbas iest\u0101de, kas veicina gan akad\u0113misk\u0101s dzied\u0101\u0161anas, gan d\u017eeza m\u016bzikas un muzik\u0101l\u0101 te\u0101tra \u017eanru att\u012bst\u012bbu. Skolas absolventu vid\u016b ir ne tikai izpild\u012bt\u0101ji, bet ar\u012b diri\u0123enti un komponisti, kas akt\u012bvi darbojas Latvijas un starptautiskaj\u0101 m\u016bzikas dz\u012bv\u0113. Grupas &#8220;Midnight Five&#8221; dal\u012bbnieku akad\u0113misk\u0101 sagatavot\u012bba, kas ieg\u016bta \u0161aj\u0101 skol\u0101, nodro\u0161ina vi\u0146u sp\u0113ju veidot augstas kvalit\u0101tes muzik\u0101lus projektus.<\/p>\n","protected":false},"excerpt":{"rendered":"Grupa &#8220;Midnight Five&#8221; svin\u0113s m\u012blest\u012bbas sv\u0113tkus ar koncertu Grupa &#8220;Midnight Five&#8221; aicina uz \u012bpa\u0161u koncertu, kas velt\u012bts Valent\u012bna&hellip;\n","protected":false},"author":2,"featured_media":117124,"comment_status":"","ping_status":"","sticky":false,"template":"","format":"standard","meta":{"footnotes":""},"categories":[19],"tags":[89,90,202,35,39,38,36,37,34,40,27007,103,172,27008],"class_list":{"0":"post-117123","1":"post","2":"type-post","3":"status-publish","4":"format-standard","5":"has-post-thumbnail","7":"category-izklaide","8":"tag-entertainment","9":"tag-izklaide","10":"tag-koncerts","11":"tag-latvia","12":"tag-latvian","13":"tag-latviesu","14":"tag-latviesu-valoda","15":"tag-latviesuvaloda","16":"tag-latvija","17":"tag-lv","18":"tag-midnight-five","19":"tag-muzika","20":"tag-riga","21":"tag-valentina-diena"},"share_on_mastodon":{"url":"https:\/\/pubeurope.com\/@lv\/115982476464856244","error":""},"_links":{"self":[{"href":"https:\/\/www.europesays.com\/lv\/wp-json\/wp\/v2\/posts\/117123","targetHints":{"allow":["GET"]}}],"collection":[{"href":"https:\/\/www.europesays.com\/lv\/wp-json\/wp\/v2\/posts"}],"about":[{"href":"https:\/\/www.europesays.com\/lv\/wp-json\/wp\/v2\/types\/post"}],"author":[{"embeddable":true,"href":"https:\/\/www.europesays.com\/lv\/wp-json\/wp\/v2\/users\/2"}],"replies":[{"embeddable":true,"href":"https:\/\/www.europesays.com\/lv\/wp-json\/wp\/v2\/comments?post=117123"}],"version-history":[{"count":0,"href":"https:\/\/www.europesays.com\/lv\/wp-json\/wp\/v2\/posts\/117123\/revisions"}],"wp:featuredmedia":[{"embeddable":true,"href":"https:\/\/www.europesays.com\/lv\/wp-json\/wp\/v2\/media\/117124"}],"wp:attachment":[{"href":"https:\/\/www.europesays.com\/lv\/wp-json\/wp\/v2\/media?parent=117123"}],"wp:term":[{"taxonomy":"category","embeddable":true,"href":"https:\/\/www.europesays.com\/lv\/wp-json\/wp\/v2\/categories?post=117123"},{"taxonomy":"post_tag","embeddable":true,"href":"https:\/\/www.europesays.com\/lv\/wp-json\/wp\/v2\/tags?post=117123"}],"curies":[{"name":"wp","href":"https:\/\/api.w.org\/{rel}","templated":true}]}}