{"id":117141,"date":"2026-01-30T06:05:06","date_gmt":"2026-01-30T06:05:06","guid":{"rendered":"https:\/\/www.europesays.com\/lv\/117141\/"},"modified":"2026-01-30T06:05:06","modified_gmt":"2026-01-30T06:05:06","slug":"arturs-kruzkops-intervija-zurnalam-pastaiga-atklaj-iemeslus-aiziesanai-no-teatra-lente-lv","status":"publish","type":"post","link":"https:\/\/www.europesays.com\/lv\/117141\/","title":{"rendered":"Arturs Kr\u016bzkops intervij\u0101 \u017eurn\u0101lam \u201cPastaiga\u201d atkl\u0101j iemeslus aizie\u0161anai no te\u0101tra\u00a0\u2014\u00a0Lente.lv"},"content":{"rendered":"<p>Arturs Kr\u016bzkops par person\u012bgo izaugsmi un p\u0101rmai\u0146\u0101m karjer\u0101<\/p>\n<p>Febru\u0101ra \u017eurn\u0101la \u201cPastaiga\u201d jaun\u0101kaj\u0101 numur\u0101 public\u0113ta intervija ar aktieri Arturu Kr\u016bkopu, kur\u0101 vi\u0146\u0161 atkl\u0101j savas motiv\u0101cijas un iemeslus, k\u0101p\u0113c pie\u0146\u0113mis l\u0113mumu pamest te\u0101tra \u0161tata rindas. K\u0101 inform\u0113 port\u0101ls jauns.lv, Kr\u016bzkops intervij\u0101 atz\u012bst: &#8220;Aizg\u0101ju, jo vairs nevar\u0113ju b\u016bt god\u012bgs pret sevi&#8221;. Aktieris nor\u0101da, ka \u0161\u012bs p\u0101rmai\u0146as nav saist\u012btas ar k\u0101d\u0101m konkr\u0113t\u0101m person\u0101m vai te\u0101tra direktora mai\u0146u, bet gan ar vi\u0146a person\u012bgo att\u012bst\u012bbu un rado\u0161aj\u0101m amb\u012bcij\u0101m. Vi\u0146\u0161 pau\u017e, ka svar\u012bgi ir b\u016bt god\u012bgam pret sevi, pat ja tas noz\u012bm\u0113 radik\u0101las p\u0101rmai\u0146as karjer\u0101.<\/p>\n<p>Izcil\u0101 karjera un \u201cSp\u0113lma\u0146u nakts\u201d atzin\u012bba<\/p>\n<p>Arturs Kr\u016bzkops ir viens no atpaz\u012bstam\u0101kajiem Latvijas aktieriem, kur\u0161 savu karjeru s\u0101cis 2003. gad\u0101. Jau 2004. gad\u0101 vi\u0146\u0161 k\u013cuva par Latvijas Nacion\u0101l\u0101 te\u0101tra aktieri, kur aizvad\u012bjis daudzus gadus. Vi\u0146a talants ir nov\u0113rt\u0113ts ar presti\u017e\u0101k\u0101m Latvijas te\u0101tra balv\u0101m, tostarp par gada lab\u0101ko jauno skatuves m\u0101kslinieku 2005. gad\u0101. Kr\u016bzkops ir ar\u012b vair\u0101kk\u0101rt\u0113js \u201cSp\u0113lma\u0146u nakts\u201d balvu ieguv\u0113js un nominants, tostarp k\u0101 lab\u0101kais aktieris otr\u0101 pl\u0101na lom\u0101. Vi\u0146\u0161 ar\u012b sa\u0146\u0113mis Harija Liepi\u0146a balvu. Kr\u016bzkops pievienoj\u0101s Dailes te\u0101trim 2023. gad\u0101, kur turpina savu rado\u0161o darb\u012bbu.<\/p>\n<p>Tendences un aktualit\u0101tes jaunaj\u0101 \u017eurn\u0101la numur\u0101<\/p>\n<p>Febru\u0101ra numurs \u201cPastaig\u0101\u201d piev\u0113r\u0161as 2026. gada skaistuma, dizaina un modes tendenc\u0113m. \u012apa\u0161a uzman\u012bba tiek velt\u012bta ar\u012b m\u016bsdienu jaunajam luksusam \u2013 mieram. Papildus intervijai ar Arturu Kr\u016bkopu, \u017eurn\u0101l\u0101 las\u0101mi ar\u012b citi interesanti raksti par aktualit\u0101t\u0113m.<\/p>\n<p>Kr\u016bzkopa ce\u013c\u0161 uz Dailes te\u0101tri un rado\u0161\u0101 filozofija<\/p>\n<p>Arturs Kr\u016bzkops Dailes te\u0101trim pievienoj\u0101s 2023. gad\u0101, ta\u010du vi\u0146a ce\u013c\u0161 uz \u0161o te\u0101tri bijis gar\u0161 un p\u0101rdom\u0101ts. Aktieris atkl\u0101j, ka jau studiju gados Dailes te\u0101tris bija vi\u0146a sap\u0146u darba vieta. Vi\u0146\u0161 ir paz\u012bstams ar savu dzi\u013co izpratni par lug\u0101m un t\u0113liem, k\u0101 ar\u012b ar sp\u0113ju aizraut skat\u012bt\u0101jus. Kr\u016bzkops uzsver, ka te\u0101tris ir \u013coti noz\u012bm\u012bga da\u013ca no vi\u0146a dz\u012bves, un vi\u0146\u0161 alla\u017e ir bijis akt\u012bvs da\u017e\u0101du te\u0101tru izr\u0101\u017eu apmekl\u0113t\u0101js, lai sekotu l\u012bdzi kol\u0113\u0123u darbam un mekl\u0113tu iedvesmu. Vi\u0146a rado\u0161\u0101 filozofija balst\u0101s uz god\u012bgumu pret sevi un past\u0101v\u012bgu mekl\u0113jumu.<\/p>\n","protected":false},"excerpt":{"rendered":"Arturs Kr\u016bzkops par person\u012bgo izaugsmi un p\u0101rmai\u0146\u0101m karjer\u0101 Febru\u0101ra \u017eurn\u0101la \u201cPastaiga\u201d jaun\u0101kaj\u0101 numur\u0101 public\u0113ta intervija ar aktieri Arturu&hellip;\n","protected":false},"author":2,"featured_media":117142,"comment_status":"","ping_status":"","sticky":false,"template":"","format":"standard","meta":{"footnotes":""},"categories":[19],"tags":[1267,26086,89,237,90,35,39,38,36,37,34,40,24542,1176],"class_list":{"0":"post-117141","1":"post","2":"type-post","3":"status-publish","4":"format-standard","5":"has-post-thumbnail","7":"category-izklaide","8":"tag-aktieris","9":"tag-arturs-kruzkops","10":"tag-entertainment","11":"tag-intervija","12":"tag-izklaide","13":"tag-latvia","14":"tag-latvian","15":"tag-latviesu","16":"tag-latviesu-valoda","17":"tag-latviesuvaloda","18":"tag-latvija","19":"tag-lv","20":"tag-pastaiga","21":"tag-teatris"},"share_on_mastodon":{"url":"https:\/\/pubeurope.com\/@lv\/115982547229365212","error":""},"_links":{"self":[{"href":"https:\/\/www.europesays.com\/lv\/wp-json\/wp\/v2\/posts\/117141","targetHints":{"allow":["GET"]}}],"collection":[{"href":"https:\/\/www.europesays.com\/lv\/wp-json\/wp\/v2\/posts"}],"about":[{"href":"https:\/\/www.europesays.com\/lv\/wp-json\/wp\/v2\/types\/post"}],"author":[{"embeddable":true,"href":"https:\/\/www.europesays.com\/lv\/wp-json\/wp\/v2\/users\/2"}],"replies":[{"embeddable":true,"href":"https:\/\/www.europesays.com\/lv\/wp-json\/wp\/v2\/comments?post=117141"}],"version-history":[{"count":0,"href":"https:\/\/www.europesays.com\/lv\/wp-json\/wp\/v2\/posts\/117141\/revisions"}],"wp:featuredmedia":[{"embeddable":true,"href":"https:\/\/www.europesays.com\/lv\/wp-json\/wp\/v2\/media\/117142"}],"wp:attachment":[{"href":"https:\/\/www.europesays.com\/lv\/wp-json\/wp\/v2\/media?parent=117141"}],"wp:term":[{"taxonomy":"category","embeddable":true,"href":"https:\/\/www.europesays.com\/lv\/wp-json\/wp\/v2\/categories?post=117141"},{"taxonomy":"post_tag","embeddable":true,"href":"https:\/\/www.europesays.com\/lv\/wp-json\/wp\/v2\/tags?post=117141"}],"curies":[{"name":"wp","href":"https:\/\/api.w.org\/{rel}","templated":true}]}}