{"id":11721,"date":"2025-10-03T18:39:12","date_gmt":"2025-10-03T18:39:12","guid":{"rendered":"https:\/\/www.europesays.com\/lv\/11721\/"},"modified":"2025-10-03T18:39:12","modified_gmt":"2025-10-03T18:39:12","slug":"nakamnedel-riga-uz-zemitana-tilta-atvers-satiksmi-pa-divam-brauksanas-joslam-abos-virzienos-2","status":"publish","type":"post","link":"https:\/\/www.europesays.com\/lv\/11721\/","title":{"rendered":"N\u0101kamned\u0113\u013c R\u012bg\u0101 uz Zemit\u0101na tilta atv\u0113rs satiksmi pa div\u0101m brauk\u0161anas josl\u0101m abos virzienos"},"content":{"rendered":"<p>N\u0101kamned\u0113\u013c uz Jor\u0123a Zemit\u0101na tilta pl\u0101nots atv\u0113rt satiksmi&#13;<br \/>\npa div\u0101m brauk\u0161anas josl\u0101m abos virzienos. K\u0101 \u0161odien inform\u0113ja b\u016bvnieki, pirmie&#13;<br \/>\ndivi b\u016bvdarbu posmi tuvojas nosl\u0113gumam un n\u0101kamned\u0113\u013c s\u0101ksies b\u016bvniec\u012bbas&#13;<br \/>\ntre\u0161ais posms. Darbi tiks veikti ziemas sezon\u0101, lai p\u0113c tam, l\u012bdz ar silt\u0101ka&#13;<br \/>\nlaika iest\u0101\u0161anos, veiktu asfalt\u0113\u0161anas darbus atliku\u0161aj\u0101m div\u0101m josl\u0101m. <\/p>\n<p>Pa\u0161laik darbi tiek veikti pl\u0101notajos termi\u0146os, un kav\u0113\u0161an\u0101s&#13;<br \/>\nnetiek paredz\u0113ta. Tiltu atjaunot paredz\u0113ts l\u012bdz 2026. gada rudenim.<\/p>\n<p>Ar\u012b mobilit\u0101tes punkta izveide pie Zemit\u0101na stacijas norit&#13;<br \/>\np\u0113c pl\u0101na. Tur tiek izb\u016bv\u0113ti gan lifti, gan k\u0101pnes, gan ar\u012b eskalators, kas&#13;<br \/>\ntiks savienots ar p\u0101rb\u016bv\u0113to Zemit\u0101na p\u0101rvadu. Mobilit\u0101tes punkta b\u016bvniec\u012bbu&#13;<br \/>\npl\u0101nots pabeigt l\u012bdz n\u0101kam\u0101 gada pavasarim.<\/p>\n<p>Kopum\u0101 tilta p\u0101rb\u016bve izmaks\u0101s l\u012bdz 24,2 miljoniem eiro. No&#13;<br \/>\ntiem pa\u0161vald\u012bbas l\u012bdzfinans\u0113jums pl\u0101nots 3,6 miljoni eiro. R\u012bgas dome ar\u012b&#13;<br \/>\nnol\u0113ma aiz\u0146emties 20,5 miljonus eiro tilta p\u0101rb\u016bvei.<\/p>\n","protected":false},"excerpt":{"rendered":"N\u0101kamned\u0113\u013c uz Jor\u0123a Zemit\u0101na tilta pl\u0101nots atv\u0113rt satiksmi&#13; pa div\u0101m brauk\u0161anas josl\u0101m abos virzienos. K\u0101 \u0161odien inform\u0113ja b\u016bvnieki,&hellip;\n","protected":false},"author":2,"featured_media":11722,"comment_status":"","ping_status":"","sticky":false,"template":"","format":"standard","meta":{"footnotes":""},"categories":[5],"tags":[129,4271,4274,4277,1304,23,28,29,32,33,22,30,31,35,39,38,36,37,34,40,20,26,27,1305,4275,4278,4272,1306,4276,4279,4273,24,25,21],"class_list":{"0":"post-11721","1":"post","2":"type-post","3":"status-publish","4":"format-standard","5":"has-post-thumbnail","7":"category-aktualitates","8":"tag-__typenameadvicekeyword","9":"tag-id172","10":"tag-id558","11":"tag-id876","12":"tag-id970","13":"tag-aktualitates","14":"tag-breaking-news","15":"tag-breakingnews","16":"tag-featured-news","17":"tag-featurednews","18":"tag-headlines","19":"tag-latest-news","20":"tag-latestnews","21":"tag-latvia","22":"tag-latvian","23":"tag-latviesu","24":"tag-latviesu-valoda","25":"tag-latviesuvaloda","26":"tag-latvija","27":"tag-lv","28":"tag-news","29":"tag-popularakas-zinas","30":"tag-popularakaszinas","31":"tag-slug360-zinas","32":"tag-slugcelu-satiksme","33":"tag-slugriga","34":"tag-slugtraffic-restrictions-in-riga","35":"tag-title360-zinas","36":"tag-titlecelu-satiksme","37":"tag-titleriga","38":"tag-titletraffic-restrictions-in-riga","39":"tag-top-stories","40":"tag-topstories","41":"tag-zinas"},"share_on_mastodon":{"url":"","error":""},"_links":{"self":[{"href":"https:\/\/www.europesays.com\/lv\/wp-json\/wp\/v2\/posts\/11721","targetHints":{"allow":["GET"]}}],"collection":[{"href":"https:\/\/www.europesays.com\/lv\/wp-json\/wp\/v2\/posts"}],"about":[{"href":"https:\/\/www.europesays.com\/lv\/wp-json\/wp\/v2\/types\/post"}],"author":[{"embeddable":true,"href":"https:\/\/www.europesays.com\/lv\/wp-json\/wp\/v2\/users\/2"}],"replies":[{"embeddable":true,"href":"https:\/\/www.europesays.com\/lv\/wp-json\/wp\/v2\/comments?post=11721"}],"version-history":[{"count":0,"href":"https:\/\/www.europesays.com\/lv\/wp-json\/wp\/v2\/posts\/11721\/revisions"}],"wp:featuredmedia":[{"embeddable":true,"href":"https:\/\/www.europesays.com\/lv\/wp-json\/wp\/v2\/media\/11722"}],"wp:attachment":[{"href":"https:\/\/www.europesays.com\/lv\/wp-json\/wp\/v2\/media?parent=11721"}],"wp:term":[{"taxonomy":"category","embeddable":true,"href":"https:\/\/www.europesays.com\/lv\/wp-json\/wp\/v2\/categories?post=11721"},{"taxonomy":"post_tag","embeddable":true,"href":"https:\/\/www.europesays.com\/lv\/wp-json\/wp\/v2\/tags?post=11721"}],"curies":[{"name":"wp","href":"https:\/\/api.w.org\/{rel}","templated":true}]}}