{"id":11730,"date":"2025-10-03T19:17:08","date_gmt":"2025-10-03T19:17:08","guid":{"rendered":"https:\/\/www.europesays.com\/lv\/11730\/"},"modified":"2025-10-03T19:17:08","modified_gmt":"2025-10-03T19:17:08","slug":"aizvadita-mediju-ligas-atklasana-un-pirma-cempionata-spele","status":"publish","type":"post","link":"https:\/\/www.europesays.com\/lv\/11730\/","title":{"rendered":"Aizvad\u012bta \u201cMediju L\u012bgas\u201d atkl\u0101\u0161ana un pirm\u0101 \u010dempion\u0101ta sp\u0113le"},"content":{"rendered":"<p>Atkl\u0101\u0161anas ceremonij\u0101 starme\u0161u gaism\u0101 svin\u012bgi tika ienests \u201cMediju L\u012bgas\u201d ce\u013cojo\u0161ais kauss, ko ar aplausiem sagaid\u012bja skat\u012bt\u0101jiem pild\u012bt\u0101s trib\u012bnes. Skat\u012bt\u0101ji tika ar\u012b iepaz\u012bstin\u0101ti ar pirm\u0101s sp\u0113les komand\u0101m un sp\u0113l\u0113t\u0101jiem. Apmekl\u0113t\u0101ju vid\u016b bija gan abu komandu atbalst\u012bt\u0101ji, gan telpu futbola fani.<\/p>\n<p>\u201cMediju L\u012bgas\u201d vad\u012bt\u0101js Rihards Romu\u0161s st\u0101sta: \u201cM\u016bsu m\u0113r\u0137is bija rad\u012bt \u012bpa\u0161u atmosf\u0113ru gan sp\u0113l\u0113t\u0101jiem, gan skat\u012bt\u0101jiem \u2013 lai \u0161ie b\u016btu \u012bsti telpu futbola sv\u0113tki. Projekts ir lolots jau sen, un ir prieks, ka tas beidzot \u012bstenojies ar tik aizraujo\u0161u atkl\u0101\u0161anas sp\u0113li, komand\u0101m s\u0101kot c\u012b\u0146u par titulu. Sp\u0113le bija traka, bag\u0101ta ar momentiem, un emocijas, kas vald\u012bja z\u0101l\u0113, bija neaprakst\u0101mas.\u201d<\/p>\n<p>L\u012bgas pirmaj\u0101 sp\u0113l\u0113 sp\u0113kiem m\u0113roj\u0101s komanda no R\u012bgas \u201cUSB\/HUSKY\u201d un komanda no Iecavas \u201cFK LIONS\u201d. Sp\u0113le tika aizvad\u012bta spraig\u0101 gaisotn\u0113, komand\u0101m laukum\u0101 sacen\u0161oties par katru v\u0101rtu guvumu. Sp\u0113le bija \u0101tra un dinamiska \u2013 komandas ne\u013c\u0101va viena otrai atsl\u0101bt, ejot uzbrukumos un \u0101tri atsp\u0113l\u0113joties pretinieku komandai.<\/p>\n<p><img decoding=\"async\" class=\"figure__image\" onclick=\"triggerEvent('articleImageClick', { id: 17189414, focus: 'single-image', focusIndex: '17189414' })\" onkeydown=\"if (event.key === 'Enter') {&#10;        triggerEvent('articleImageClick', { id: 17189414, focus: 'single-image', focusIndex: '17189414' })&#10;        }\" role=\"button\" tabindex=\"0\" data-focus-from=\"single-image\" data-focus-index=\"17189414\" src=\"https:\/\/www.europesays.com\/lv\/wp-content\/uploads\/2025\/10\/17189414t1h016a.png\" onload=\"this.parentElement.classList.remove('figure__image-loading')\" alt=\"Aizvad\u012bta \u201cMediju L\u012bgas\u201d atkl\u0101\u0161ana un pirm\u0101 \u010dempion\u0101ta sp\u0113le\"\/>Aizvad\u012bta \u201cMediju L\u012bgas\u201d atkl\u0101\u0161ana un pirm\u0101 \u010dempion\u0101ta sp\u0113le Foto: Publicit\u0101tes foto<\/p>\n<p>Pirmo puslaiku komandas nosl\u0113dza ar rezult\u0101tu 2:1, \u201cFK LIONS\u201d piek\u0101pjoties \u201cUSB\/HUSKY\u201d. Tom\u0113r otraj\u0101 puslaik\u0101 \u201cFK LIONS\u201d \u0101tri atsp\u0113l\u0113j\u0101s, g\u016bstot divus v\u0101rtus un ieg\u016bstot p\u0101rsvaru 2:3. Tas lika R\u012bgas komandai sasparoties un sp\u0113les beig\u0101s ne tikai izl\u012bdzin\u0101t rezult\u0101tu, bet ar\u012b g\u016bt uzvaras v\u0101rtus, sp\u0113li nosl\u0113dzot 4:3 \u201cUSB\/HUSKY\u201d lab\u0101.<\/p>\n","protected":false},"excerpt":{"rendered":"Atkl\u0101\u0161anas ceremonij\u0101 starme\u0161u gaism\u0101 svin\u012bgi tika ienests \u201cMediju L\u012bgas\u201d ce\u013cojo\u0161ais kauss, ko ar aplausiem sagaid\u012bja skat\u012bt\u0101jiem pild\u012bt\u0101s trib\u012bnes.&hellip;\n","protected":false},"author":2,"featured_media":11731,"comment_status":"","ping_status":"","sticky":false,"template":"","format":"standard","meta":{"footnotes":""},"categories":[17],"tags":[676,35,39,38,36,37,34,40,4280,67],"class_list":{"0":"post-11730","1":"post","2":"type-post","3":"status-publish","4":"format-standard","5":"has-post-thumbnail","7":"category-sports","8":"tag-futbols","9":"tag-latvia","10":"tag-latvian","11":"tag-latviesu","12":"tag-latviesu-valoda","13":"tag-latviesuvaloda","14":"tag-latvija","15":"tag-lv","16":"tag-mediju-liga","17":"tag-sports"},"share_on_mastodon":{"url":"","error":""},"_links":{"self":[{"href":"https:\/\/www.europesays.com\/lv\/wp-json\/wp\/v2\/posts\/11730","targetHints":{"allow":["GET"]}}],"collection":[{"href":"https:\/\/www.europesays.com\/lv\/wp-json\/wp\/v2\/posts"}],"about":[{"href":"https:\/\/www.europesays.com\/lv\/wp-json\/wp\/v2\/types\/post"}],"author":[{"embeddable":true,"href":"https:\/\/www.europesays.com\/lv\/wp-json\/wp\/v2\/users\/2"}],"replies":[{"embeddable":true,"href":"https:\/\/www.europesays.com\/lv\/wp-json\/wp\/v2\/comments?post=11730"}],"version-history":[{"count":0,"href":"https:\/\/www.europesays.com\/lv\/wp-json\/wp\/v2\/posts\/11730\/revisions"}],"wp:featuredmedia":[{"embeddable":true,"href":"https:\/\/www.europesays.com\/lv\/wp-json\/wp\/v2\/media\/11731"}],"wp:attachment":[{"href":"https:\/\/www.europesays.com\/lv\/wp-json\/wp\/v2\/media?parent=11730"}],"wp:term":[{"taxonomy":"category","embeddable":true,"href":"https:\/\/www.europesays.com\/lv\/wp-json\/wp\/v2\/categories?post=11730"},{"taxonomy":"post_tag","embeddable":true,"href":"https:\/\/www.europesays.com\/lv\/wp-json\/wp\/v2\/tags?post=11730"}],"curies":[{"name":"wp","href":"https:\/\/api.w.org\/{rel}","templated":true}]}}