{"id":117408,"date":"2026-01-30T11:22:06","date_gmt":"2026-01-30T11:22:06","guid":{"rendered":"https:\/\/www.europesays.com\/lv\/117408\/"},"modified":"2026-01-30T11:22:06","modified_gmt":"2026-01-30T11:22:06","slug":"video-uz-ventspils-sosejas-apgazies-pasazieru-autobuss-1188-lv","status":"publish","type":"post","link":"https:\/\/www.europesays.com\/lv\/117408\/","title":{"rendered":"VIDEO: Uz Ventspils \u0161osejas apg\u0101zies pasa\u017eieru autobuss &#8211; 1188.lv"},"content":{"rendered":"<ol>\n<li><a href=\"https:\/\/news.google.com\/rss\/articles\/CBMijwFBVV95cUxQazMwZjdxTDJzQ3lRejRZWmlna051R01kalZrd1NFRExoeGdGcUxKZGpiSEJ1ZTdtX0NyXzVrcWNueE1fVFZrTXVnUW1NdU10WlEybUZqTWpzVUhnbURMY1JXNWh0TGpmNjBtTmpweThhOXAzaVljZVplSUJ2d3hJMHhqSGVlMlhOcDNWSXpTbw?oc=5\" target=\"_blank\" rel=\"nofollow noopener\">VIDEO: Uz Ventspils \u0161osejas apg\u0101zies pasa\u017eieru autobuss<\/a>&nbsp;&nbsp;1188.lv<\/li>\n<li><a href=\"https:\/\/news.google.com\/rss\/articles\/CBMi2gFBVV95cUxQalN2a1U2TXVrOUd6a1hBTnlSWFFoYXl5R3UzcW1wYTFVdmRlU1lPU2NUR0NOWk02S0hQZHpsTFZXdUQtY3RXQ3hrNHJYSVlVWE9iWUttc19NUzdqY2RlZXNYQ0EtYUJOU05GbE5IcUdFS09yWFpjem1jeVpHOGJJTHhMLW9JYWQ4UUtmMVVhRXhmMm9oR0hlQ0U4bUp2bFJyTHpvUkhjX0NWTWhnTDRrVDIyekVUYmlac1RYdXQ5U18xdEN5RllmRUhXRGozaUVHSGFKTFZpNXJPdw?oc=5\" target=\"_blank\" rel=\"nofollow noopener\">Citam \u0161oferim p\u0101rgalv\u012bgi apdzenot, uz Ventspils \u0161osejas apg\u0101zies pasa\u017eieru autobuss \/ Raksts<\/a>&nbsp;&nbsp;LSM<\/li>\n<li><a href=\"https:\/\/news.google.com\/rss\/articles\/CBMinAFBVV95cUxOajFPZUo1bFRZejRNeGJWRFlDWUVtOFBOQ2stdGJlWXAydDg5eTBwMHVZZ2VUWGo2cUI3ZDJJNktCSnZnSzNKVXducWhYSjQ3b0tlRXZ3S1E1UWlFQUxoRmsxWF9GVFlrR01VdmZCQmR6ZmY2bE1PRnI5U04weE9veV9saENGS0VKWFZad3ljN2drMEFWdTI5ZURZdEI?oc=5\" target=\"_blank\" rel=\"nofollow noopener\">VIDEO. Avar\u0113 sabiedriskais autobuss uz Ventspils \u0161osejas (papildin\u0101ts)<\/a>&nbsp;&nbsp;NRA<\/li>\n<li><a href=\"https:\/\/news.google.com\/rss\/articles\/CBMiqgFBVV95cUxQdEM3TDBxcGxDbVFmQ3FJVnN3YlhyRm4tMktlY29NZGdwUjBSa3JNWGthLUpjc2tydzRkNmFXUFZCeTg3MDZWZDVaZnFacEI5OWc0b00wTDJ6TjVnZG1rQVRueklULXlOeGRkNHEzVGs3QVZzcmNVWXVvdkRCRURQeldaczFhSUhhQVppNW40MUJMN053TjVsRW5iYlFBSUIwYVpNTFFZYWpjdw?oc=5\" target=\"_blank\" rel=\"nofollow noopener\">Uz Ventspils \u0161osejas nobraucis no ce\u013ca un apg\u0101zies pasa\u017eieru autobuss<\/a>&nbsp;&nbsp;Jauns.lv<\/li>\n<li><a href=\"https:\/\/news.google.com\/rss\/articles\/CBMivwFBVV95cUxPdUVSTGFqRGpaWGZzWFZZUjFHc1RwLTF1M2xiTC16d1lsbmlVZnZPYVhlT1JrQThSb05KdFBVZERkY2FaLUkyUVVvbjhKUlRvZkhVaFNxb2FiRnN6T1pDbzFmY1hfM3VHNEhGY2NlN2xsbVFRa3JKVDhOTUx2SzMzUjhPS1R3QVdidDhZQlJmd2JhamQ5azZuc2Z1MnlQUTlXSDRWSlVWeEFFYVFlOFlmWERxTG1FX0dyRUhHcmpvVQ?oc=5\" target=\"_blank\" rel=\"nofollow noopener\">Uz Ventspils \u0161osejas apg\u0101zies Talsu autotransporta pasa\u017eieru autobuss<\/a>&nbsp;&nbsp;Diena<\/li>\n<\/ol>\n","protected":false},"excerpt":{"rendered":"VIDEO: Uz Ventspils \u0161osejas apg\u0101zies pasa\u017eieru autobuss&nbsp;&nbsp;1188.lv Citam \u0161oferim p\u0101rgalv\u012bgi apdzenot, uz Ventspils \u0161osejas apg\u0101zies pasa\u017eieru autobuss \/&hellip;\n","protected":false},"author":2,"featured_media":117409,"comment_status":"","ping_status":"","sticky":false,"template":"","format":"standard","meta":{"footnotes":""},"categories":[5],"tags":[129,1541,16281,23,28,29,32,33,22,30,31,35,39,38,36,37,34,40,20,26,27,1542,16282,1543,16283,24,25,21],"class_list":{"0":"post-117408","1":"post","2":"type-post","3":"status-publish","4":"format-standard","5":"has-post-thumbnail","7":"category-aktualitates","8":"tag-__typenameadvicekeyword","9":"tag-id698","10":"tag-id820","11":"tag-aktualitates","12":"tag-breaking-news","13":"tag-breakingnews","14":"tag-featured-news","15":"tag-featurednews","16":"tag-headlines","17":"tag-latest-news","18":"tag-latestnews","19":"tag-latvia","20":"tag-latvian","21":"tag-latviesu","22":"tag-latviesu-valoda","23":"tag-latviesuvaloda","24":"tag-latvija","25":"tag-lv","26":"tag-news","27":"tag-popularakas-zinas","28":"tag-popularakaszinas","29":"tag-slugsadursme","30":"tag-slugventspils","31":"tag-titlesadursme","32":"tag-titleventspils","33":"tag-top-stories","34":"tag-topstories","35":"tag-zinas"},"share_on_mastodon":{"url":"https:\/\/pubeurope.com\/@lv\/115983793714102360","error":""},"_links":{"self":[{"href":"https:\/\/www.europesays.com\/lv\/wp-json\/wp\/v2\/posts\/117408","targetHints":{"allow":["GET"]}}],"collection":[{"href":"https:\/\/www.europesays.com\/lv\/wp-json\/wp\/v2\/posts"}],"about":[{"href":"https:\/\/www.europesays.com\/lv\/wp-json\/wp\/v2\/types\/post"}],"author":[{"embeddable":true,"href":"https:\/\/www.europesays.com\/lv\/wp-json\/wp\/v2\/users\/2"}],"replies":[{"embeddable":true,"href":"https:\/\/www.europesays.com\/lv\/wp-json\/wp\/v2\/comments?post=117408"}],"version-history":[{"count":0,"href":"https:\/\/www.europesays.com\/lv\/wp-json\/wp\/v2\/posts\/117408\/revisions"}],"wp:featuredmedia":[{"embeddable":true,"href":"https:\/\/www.europesays.com\/lv\/wp-json\/wp\/v2\/media\/117409"}],"wp:attachment":[{"href":"https:\/\/www.europesays.com\/lv\/wp-json\/wp\/v2\/media?parent=117408"}],"wp:term":[{"taxonomy":"category","embeddable":true,"href":"https:\/\/www.europesays.com\/lv\/wp-json\/wp\/v2\/categories?post=117408"},{"taxonomy":"post_tag","embeddable":true,"href":"https:\/\/www.europesays.com\/lv\/wp-json\/wp\/v2\/tags?post=117408"}],"curies":[{"name":"wp","href":"https:\/\/api.w.org\/{rel}","templated":true}]}}