{"id":11749,"date":"2025-10-03T20:01:08","date_gmt":"2025-10-03T20:01:08","guid":{"rendered":"https:\/\/www.europesays.com\/lv\/11749\/"},"modified":"2025-10-03T20:01:08","modified_gmt":"2025-10-03T20:01:08","slug":"virietis-kas-sinagoga-mancestra-nogalinaja-divus-cilvekus-ieprieks-bijis-policijas-redzesloka","status":"publish","type":"post","link":"https:\/\/www.europesays.com\/lv\/11749\/","title":{"rendered":"V\u012brietis, kas sinagog\u0101 Man\u010destr\u0101 nogalin\u0101ja divus cilv\u0113kus, iepriek\u0161 bijis policijas redzeslok\u0101"},"content":{"rendered":"<p>K\u0101 zi\u0146ots, ceturtdien uzbrukum\u0101 Man\u010destras sinagogai tika nogalin\u0101ti divi cilv\u0113ki, bet tr\u012bs guva smagus ievainojumus.<\/p>\n<p>Policijas ceturtdienas vakar\u0101 uzbruc\u0113ju, ko policisti no\u0161\u0101va nozieguma viet\u0101, identific\u0113ja k\u0101 35 gadus veco \u0160am\u012b.<\/p>\n<p>Vi\u0146\u0161 Lielbrit\u0101nij\u0101 ierad\u0101s k\u0101 b\u0113rns un 2006.gad\u0101, kad vi\u0146\u0161 bija sasniedzis 16 gadu vecumu, ieguvis Lielbrit\u0101nijas pilson\u012bbu.<\/p>\n<p>\u0160am\u012b \u0123imene Man\u010dstras apk\u0101rtn\u0113 dz\u012bvo vismaz 30 gadus.<\/p>\n<p>Laikraksts &#8220;The Times&#8221; v\u0113sta, ka policija p\u0101rbauda, vai draudu e-pasta v\u0113stules vienam no konservat\u012bvajiem parlamenta deput\u0101tiem 2012.gad\u0101, ko bija parakst\u012bjis k\u0101ds D\u017eihads Al\u0161am\u012b, nav rakst\u012bjis Man\u010destras slepkava.<\/p>\n","protected":false},"excerpt":{"rendered":"K\u0101 zi\u0146ots, ceturtdien uzbrukum\u0101 Man\u010destras sinagogai tika nogalin\u0101ti divi cilv\u0113ki, bet tr\u012bs guva smagus ievainojumus. Policijas ceturtdienas vakar\u0101&hellip;\n","protected":false},"author":2,"featured_media":11750,"comment_status":"","ping_status":"","sticky":false,"template":"","format":"standard","meta":{"footnotes":""},"categories":[14],"tags":[23,4281,57,28,29,32,33,22,30,31,35,39,38,36,37,34,40,20,26,27,4282,24,25,54,55,56,21,58],"class_list":{"0":"post-11749","1":"post","2":"type-post","3":"status-publish","4":"format-standard","5":"has-post-thumbnail","7":"category-zinas-no-arvalstim","8":"tag-aktualitates","9":"tag-anglija","10":"tag-arvalstim","11":"tag-breaking-news","12":"tag-breakingnews","13":"tag-featured-news","14":"tag-featurednews","15":"tag-headlines","16":"tag-latest-news","17":"tag-latestnews","18":"tag-latvia","19":"tag-latvian","20":"tag-latviesu","21":"tag-latviesu-valoda","22":"tag-latviesuvaloda","23":"tag-latvija","24":"tag-lv","25":"tag-news","26":"tag-popularakas-zinas","27":"tag-popularakaszinas","28":"tag-terorisms","29":"tag-top-stories","30":"tag-topstories","31":"tag-world","32":"tag-world-news","33":"tag-worldnews","34":"tag-zinas","35":"tag-zinas-no-arvalstim"},"share_on_mastodon":{"url":"","error":""},"_links":{"self":[{"href":"https:\/\/www.europesays.com\/lv\/wp-json\/wp\/v2\/posts\/11749","targetHints":{"allow":["GET"]}}],"collection":[{"href":"https:\/\/www.europesays.com\/lv\/wp-json\/wp\/v2\/posts"}],"about":[{"href":"https:\/\/www.europesays.com\/lv\/wp-json\/wp\/v2\/types\/post"}],"author":[{"embeddable":true,"href":"https:\/\/www.europesays.com\/lv\/wp-json\/wp\/v2\/users\/2"}],"replies":[{"embeddable":true,"href":"https:\/\/www.europesays.com\/lv\/wp-json\/wp\/v2\/comments?post=11749"}],"version-history":[{"count":0,"href":"https:\/\/www.europesays.com\/lv\/wp-json\/wp\/v2\/posts\/11749\/revisions"}],"wp:featuredmedia":[{"embeddable":true,"href":"https:\/\/www.europesays.com\/lv\/wp-json\/wp\/v2\/media\/11750"}],"wp:attachment":[{"href":"https:\/\/www.europesays.com\/lv\/wp-json\/wp\/v2\/media?parent=11749"}],"wp:term":[{"taxonomy":"category","embeddable":true,"href":"https:\/\/www.europesays.com\/lv\/wp-json\/wp\/v2\/categories?post=11749"},{"taxonomy":"post_tag","embeddable":true,"href":"https:\/\/www.europesays.com\/lv\/wp-json\/wp\/v2\/tags?post=11749"}],"curies":[{"name":"wp","href":"https:\/\/api.w.org\/{rel}","templated":true}]}}