{"id":117507,"date":"2026-01-30T13:01:21","date_gmt":"2026-01-30T13:01:21","guid":{"rendered":"https:\/\/www.europesays.com\/lv\/117507\/"},"modified":"2026-01-30T13:01:21","modified_gmt":"2026-01-30T13:01:21","slug":"latvija-pirmizradi-piedzivo-jaunas-paaudzes-audi-q3-lente-lv","status":"publish","type":"post","link":"https:\/\/www.europesays.com\/lv\/117507\/","title":{"rendered":"Latvij\u0101 pirmizr\u0101di piedz\u012bvo jaun\u0101s paaudzes &#8220;Audi Q3&#8221;\u00a0\u2014\u00a0Lente.lv"},"content":{"rendered":"<p>Jaunais &#8220;Audi Q3&#8221; non\u0101k Latvijas tirg\u016b<\/p>\n<p>Ceturtdienas vakar\u0101, 2026. gada 29. janv\u0101r\u012b, &#8220;Audi&#8221; d\u012blercentr\u0101 R\u012bg\u0101 notika jaun\u0101s paaudzes &#8220;Audi Q3&#8221; apvidus auto ofici\u0101l\u0101 prezent\u0101cija Latvijas tirgum. \u0160is modelis ir noz\u012bm\u012bgs &#8220;Audi&#8221; mode\u013cu kl\u0101st\u0101, jo &#8220;Q3&#8221; ie\u0146em otro vietu starp visp\u0101rdot\u0101kajiem z\u012bmola automobi\u013ciem uzreiz aiz liel\u0101k\u0101 br\u0101\u013ca &#8220;Q5&#8221;.<\/p>\n<p>Jaunais &#8220;Audi Q3&#8221; ir tre\u0161\u0101s paaudzes modelis, kas sevi pozicion\u0113 k\u0101 jaunu standartu gan komforta, gan tehnolo\u0123iju zi\u0146\u0101 kompakt\u0101ko premium klases SUV segment\u0101. Tas apvieno progres\u012bvas tehnolo\u0123ijas, digit\u0101lu lietot\u0101ja pieredzi un &#8220;Audi&#8221; rakstur\u012bgo augsto kvalit\u0101ti. Iev\u0113rojam\u0101k\u0101s funkcijas, kas iepriek\u0161 bija pieejamas tikai augst\u0101kas klases automobi\u013cos, tagad pied\u0101v\u0101 ar\u012b &#8220;Q3&#8221;.<\/p>\n<p>Dizains un interjers<\/p>\n<p>Tre\u0161\u0101s paaudzes &#8220;Audi Q3&#8221; izce\u013cas ar p\u0101rliecino\u0161u dizainu, kam rakstur\u012bgas dinamiskas un musku\u013cotas proporcijas, k\u0101 ar\u012b pla\u0161s un komfortabls salons. Jaunais modelis sa\u0146\u0113mis piln\u012bb\u0101 moderniz\u0113tu interjeru un eksterjeru, saglab\u0101jot &#8220;Audi&#8221; atpaz\u012bstamo dizaina valodu. Priek\u0161\u0113jos lukturos pieejami LED Matrix tehnolo\u0123ija, kas uzlabo apgaismojumu un nodro\u0161ina sp\u0113c\u012bgu kontrastu uz ce\u013ca, savuk\u0101rt digit\u0101lie dienas gaitas lukturi pie\u0161\u0137ir at\u0161\u0137ir\u012bgu gaismas signat\u016bru, uzlabojot redzam\u012bbu un padarot automa\u0161\u012bnu viegli atpaz\u012bstamu.<\/p>\n<p>Salona digit\u0101l\u0101 pieredze ir b\u016btiski uzlabota, integr\u0113jot digit\u0101lo skatuvi no pilna izm\u0113ra klases uz kompakto segmentu. Panor\u0101mas displejs apvieno 11,9 collu instrumentu paneli ar 12,8 collu MMI sk\u0101rienekr\u0101nu, veidojot nedaudz izliektu, uz vad\u012bt\u0101ju orient\u0113tu digit\u0101lo kab\u012bni. Sist\u0113ma, kas balst\u012bta uz Android Auto OS tehnolo\u0123iju, \u013cauj integr\u0113t tre\u0161o pu\u0161u lietotnes, piem\u0113ram, &#8220;YouTube&#8221;, tie\u0161i bez nepiecie\u0161am\u012bbas p\u0113c savienota viedt\u0101lru\u0146a. Uzlabot\u0101 balss vad\u012bbas sist\u0113ma ar m\u0101ksl\u012bg\u0101 intelekta pal\u012bdz\u012bbu paredz\u0113ta, lai vienk\u0101r\u0161otu balss komandu izmanto\u0161anu.<\/p>\n<p>Dzin\u0113ji un veiktsp\u0113ja<\/p>\n<p>Lai gan prec\u012bza Latvijas tirgum pieejamo dzin\u0113ju izv\u0113le tiks preciz\u0113ta, Eiropas tirg\u016b jaunais &#8220;Audi Q3&#8221; tiek pied\u0101v\u0101ts ar vair\u0101k\u0101m dzin\u0113ju opcij\u0101m. Tiek min\u0113ts 2,0 litru turbo \u010detrcilindru dzin\u0113js, kas att\u012bsta l\u012bdz pat 255 ZS jaudu un 273 lb-ft griezes momentu, sadarbojoties ar septi\u0146u pak\u0101pju autom\u0101tisko p\u0101rnesumk\u0101rbu un standarta &#8220;quattro&#8221; pilnpiedzi\u0146u. \u0160\u0101ds dzin\u0113js \u013cauj &#8220;Q3&#8221; pa\u0101trin\u0101ties no 0 l\u012bdz 100 km\/h aptuveni 5,5 sekund\u0113s, padarot to par vienu no dinamisk\u0101kajiem kompakto luksusa SUV mode\u013ciem. T\u0101pat pieejama ar\u012b spraud\u0146a hibr\u012bda (plug-in hybrid) versija, kas apvieno benz\u012bna dzin\u0113ju ar elektrisko motoru, pied\u0101v\u0101jot gan elektrisk\u0101s mobilit\u0101tes priek\u0161roc\u012bbas pils\u0113tas brauk\u0161an\u0101, gan iesp\u0113ju veikt gar\u0101kus ce\u013cojumus bez uzl\u0101des raiz\u0113m.<\/p>\n<p>Pozicion\u0113jums tirg\u016b un cena<\/p>\n<p>Jaunais &#8220;Audi Q3&#8221; ir konkur\u0113tsp\u0113j\u012bgs pied\u0101v\u0101jums sav\u0101 segment\u0101, pied\u0101v\u0101jot modernas tehnolo\u0123ijas un pievilc\u012bgu dizainu. Latvij\u0101 &#8220;Q3&#8221; ir bijis \u013coti popul\u0101rs, ie\u0146emot iev\u0113rojamu tirgus da\u013cu premium kompakto SUV segment\u0101. P\u0113d\u0113jo tr\u012bs gadu laik\u0101 tas ir bijis vispiepras\u012bt\u0101kais kompaktais SUV \u0161aj\u0101 segment\u0101 Latvij\u0101, sasniedzot 34,6% tirgus da\u013cu pirmajos devi\u0146os \u0161\u012b gada m\u0113ne\u0161os. Tas nor\u0101da uz sp\u0113c\u012bgu piepras\u012bjumu un uztic\u012bbu z\u012bmolam Latvijas autobrauc\u0113ju vid\u016b.<\/p>\n<p>Jaunais &#8220;Audi Q3&#8221; Latvij\u0101 ir pieejams, s\u0101kot no 38 500 eiro. \u0160\u012b cena padara to par pieejam\u0101ku variantu nek\u0101 &#8220;Q5&#8221;, kas ir otrs vispopul\u0101r\u0101kais &#8220;Audi&#8221; modelis Latvij\u0101. &#8220;Audi Q5&#8221; glob\u0101lie p\u0101rdo\u0161anas r\u0101d\u012bt\u0101ji ir piedz\u012bvoju\u0161i kritumu 2024. gad\u0101, sal\u012bdzinot ar iepriek\u0161\u0113jo gadu, kas var\u0113tu v\u0113l vair\u0101k veicin\u0101t interesi par &#8220;Q3&#8221; k\u0101 alternat\u012bvu.<\/p>\n<p>Secin\u0101jumi<\/p>\n<p>Jaun\u0101s paaudzes &#8220;Audi Q3&#8221; ien\u0101k Latvijas tirg\u016b ar sol\u012bjumu pied\u0101v\u0101t progres\u012bvas tehnolo\u0123ijas, uzlabotu dizainu un pla\u0161\u0101ku piel\u0101gojam\u012bbu da\u017e\u0101d\u0101m vajadz\u012bb\u0101m. T\u0101 k\u0101 &#8220;Q3&#8221; jau ir pier\u0101d\u012bjis savu popularit\u0101ti un konkur\u0113tsp\u0113ju Latvij\u0101, jaunais modelis, visticam\u0101k, turpin\u0101s piesaist\u012bt klientus, kuri mekl\u0113 stil\u012bgu, funkcion\u0101lu un tehnolo\u0123iski att\u012bst\u012btu premium klases kompakto SUV.<\/p>\n","protected":false},"excerpt":{"rendered":"Jaunais &#8220;Audi Q3&#8221; non\u0101k Latvijas tirg\u016b Ceturtdienas vakar\u0101, 2026. gada 29. janv\u0101r\u012b, &#8220;Audi&#8221; d\u012blercentr\u0101 R\u012bg\u0101 notika jaun\u0101s paaudzes&hellip;\n","protected":false},"author":2,"featured_media":117508,"comment_status":"","ping_status":"","sticky":false,"template":"","format":"standard","meta":{"footnotes":""},"categories":[16],"tags":[27039,27040,77,76,3942,35,39,38,36,37,34,40,4868],"class_list":{"0":"post-117507","1":"post","2":"type-post","3":"status-publish","4":"format-standard","5":"has-post-thumbnail","7":"category-bizness","8":"tag-audi-q3","9":"tag-auto-prezentacija","10":"tag-bizness","11":"tag-business","12":"tag-jauna-paaudze","13":"tag-latvia","14":"tag-latvian","15":"tag-latviesu","16":"tag-latviesu-valoda","17":"tag-latviesuvaloda","18":"tag-latvija","19":"tag-lv","20":"tag-suv"},"share_on_mastodon":{"url":"https:\/\/pubeurope.com\/@lv\/115984183099596169","error":""},"_links":{"self":[{"href":"https:\/\/www.europesays.com\/lv\/wp-json\/wp\/v2\/posts\/117507","targetHints":{"allow":["GET"]}}],"collection":[{"href":"https:\/\/www.europesays.com\/lv\/wp-json\/wp\/v2\/posts"}],"about":[{"href":"https:\/\/www.europesays.com\/lv\/wp-json\/wp\/v2\/types\/post"}],"author":[{"embeddable":true,"href":"https:\/\/www.europesays.com\/lv\/wp-json\/wp\/v2\/users\/2"}],"replies":[{"embeddable":true,"href":"https:\/\/www.europesays.com\/lv\/wp-json\/wp\/v2\/comments?post=117507"}],"version-history":[{"count":0,"href":"https:\/\/www.europesays.com\/lv\/wp-json\/wp\/v2\/posts\/117507\/revisions"}],"wp:featuredmedia":[{"embeddable":true,"href":"https:\/\/www.europesays.com\/lv\/wp-json\/wp\/v2\/media\/117508"}],"wp:attachment":[{"href":"https:\/\/www.europesays.com\/lv\/wp-json\/wp\/v2\/media?parent=117507"}],"wp:term":[{"taxonomy":"category","embeddable":true,"href":"https:\/\/www.europesays.com\/lv\/wp-json\/wp\/v2\/categories?post=117507"},{"taxonomy":"post_tag","embeddable":true,"href":"https:\/\/www.europesays.com\/lv\/wp-json\/wp\/v2\/tags?post=117507"}],"curies":[{"name":"wp","href":"https:\/\/api.w.org\/{rel}","templated":true}]}}