{"id":117541,"date":"2026-01-30T13:42:08","date_gmt":"2026-01-30T13:42:08","guid":{"rendered":"https:\/\/www.europesays.com\/lv\/117541\/"},"modified":"2026-01-30T13:42:08","modified_gmt":"2026-01-30T13:42:08","slug":"bokseris-kristaps-zutis-komente-savu-pedejas-cinas-pretinieku-1188-lv","status":"publish","type":"post","link":"https:\/\/www.europesays.com\/lv\/117541\/","title":{"rendered":"Bokseris Kristaps Zutis koment\u0113 savu p\u0113d\u0113j\u0101s c\u012b\u0146as pretinieku &#8211; 1188.lv"},"content":{"rendered":"<ol>\n<li><a href=\"https:\/\/news.google.com\/rss\/articles\/CBMimAFBVV95cUxNcm01RW5nUWh4eVlna3JjSXB1SnlEdFpyUi1hbEkzMDk3UWdPbmJDT0RsT2ZxaF9BMDlIRmY4MFRtenB3bFJHM0pNZjFTa184a0JqVWdWbVI0RC1fQkNnMGozMThhU0hJVjRpNlRTbk1tT2oweHRPUlRhd2pEY0wtekR4VTRRY1p4Qy13WDlVWlRCX3ZxYl9rXw?oc=5\" target=\"_blank\" rel=\"nofollow noopener\">Bokseris Kristaps Zutis koment\u0113 savu p\u0113d\u0113j\u0101s c\u012b\u0146as pretinieku<\/a>&nbsp;&nbsp;1188.lv<\/li>\n<li><a href=\"https:\/\/news.google.com\/rss\/articles\/CBMipwFBVV95cUxQd3VmbVcwWnBOVzhxcXJRV1NoYS1vS1J1UklCYTZYdHE5UUdLd2dMbFMxczU3bW5PUzFOTU5tRlh6NUs5VjVtbDR4dEtyVXhsalV1QzJpSVExT2ZRcVNqbFhKb2g5UFpHcENSTTBOQjVIMXpFMXdoM3llU3BYbVBuTG5fNW41bE1qT3B3WmpqY2VSUFlvd1BlbThLZmxHZXR0TDR6dTh5RQ?oc=5\" target=\"_blank\" rel=\"nofollow noopener\">&#8220;Liel\u0101k\u0101 revan\u0161a c\u012b\u0146a Latvijas v\u0113stur\u0113!&#8221; Zutis aizvad\u012bs karjer\u0101 p\u0113d\u0113jo c\u012b\u0146u<\/a>&nbsp;&nbsp;TVNET Sports<\/li>\n<li><a href=\"https:\/\/news.google.com\/rss\/articles\/CBMiiAFBVV95cUxPWFk3LTczbDV2YXNBZVM4VThSRDlDbVhzMkxTT29sTnNGRzFvRnVtc0VNWThoYjRmcHJLcTBIWXhhVVlMam9FblhCTkhZRjZvVE5kbnpQdENWN3VtN2ZPUHIyeWNubUxoN2c2Y1dLYWMySUdGSldKd3ExaV9naXhJaXNJeTJoaDJF?oc=5\" target=\"_blank\" rel=\"nofollow noopener\">Zutis sav\u0101 p\u0113d\u0113j\u0101 c\u012b\u0146\u0101 sacent\u012bsies ar Zundovski \u2013 Bokss<\/a>&nbsp;&nbsp;Sportacentrs.com<\/li>\n<li><a href=\"https:\/\/news.google.com\/rss\/articles\/CBMiowFBVV95cUxPZDJEVDVxSkpteVhvTXRqaUZxTlBwdHNjS2NnSUZWVGp2RVIyQndZaGF3UDZYbDhmN0MxV3M4b2JNY25uelpzU1owQU9IMU42TUdvZnByeFgzLWhZS05tQUUyTkFpeXd3d0ZQZmFLQ1RFdFA4QjA5X2ppOVQ3V3R5SEhfVmR1OGhDRnBuRF9lYllWYVdUSkE4YmtZaHNYQm5rM2Q4?oc=5\" target=\"_blank\" rel=\"nofollow noopener\">&#8220;Liel\u0101k\u0101 revan\u0161a c\u012b\u0146a Latvijas v\u0113stur\u0113.&#8221; Izzi\u0146ots Zu\u0161a p\u0113d\u0113jais pretinieks<\/a>&nbsp;&nbsp;Apollo.lv<\/li>\n<li><a href=\"https:\/\/news.google.com\/rss\/articles\/CBMiwwFBVV95cUxNekRIVU1SemRvWFhRbmVPRHFNQk03WTFNTjRrLXZKYTdZbkZkNzNHU3lsQmhnMjZBR2gtOFZjaFhxTENLQXVjT2VZbmludVR2U2hmZXlZdGNtc1ZBOFRMRm55NWpRb0NOeVFndU02ZmZyaXBOdDQ2MTZFbkRRN2t0RTFhNmhFUjhmWnpoSWpEaG85aEJkdkRhNkk1LUQzZGdscVhQUzBvSjNiQU5HTEVUX2d0LXZOZG1rQ1cwOEgtOGNhVlU?oc=5\" target=\"_blank\" rel=\"nofollow noopener\">Latvijas \u0161ovmenis un c\u012bn\u012bt\u0101js Zutis sav\u0101 karjeras p\u0113d\u0113j\u0101 c\u012b\u0146\u0101 v\u0113lreiz tiksies ar Zundovski<\/a>&nbsp;&nbsp;tv3.lv<\/li>\n<\/ol>\n","protected":false},"excerpt":{"rendered":"Bokseris Kristaps Zutis koment\u0113 savu p\u0113d\u0113j\u0101s c\u012b\u0146as pretinieku&nbsp;&nbsp;1188.lv &#8220;Liel\u0101k\u0101 revan\u0161a c\u012b\u0146a Latvijas v\u0113stur\u0113!&#8221; Zutis aizvad\u012bs karjer\u0101 p\u0113d\u0113jo c\u012b\u0146u&nbsp;&nbsp;TVNET&hellip;\n","protected":false},"author":2,"featured_media":117542,"comment_status":"","ping_status":"","sticky":false,"template":"","format":"standard","meta":{"footnotes":""},"categories":[17],"tags":[129,1773,15770,27044,24667,126,35,39,38,36,37,34,40,15771,27045,24668,1774,127,67,15772,27046,24669,1775,128],"class_list":{"0":"post-117541","1":"post","2":"type-post","3":"status-publish","4":"format-standard","5":"has-post-thumbnail","7":"category-sports","8":"tag-__typenameadvicekeyword","9":"tag-id1061","10":"tag-id1137","11":"tag-id1846","12":"tag-id743","13":"tag-id770","14":"tag-latvia","15":"tag-latvian","16":"tag-latviesu","17":"tag-latviesu-valoda","18":"tag-latviesuvaloda","19":"tag-latvija","20":"tag-lv","21":"tag-sluginstagram","22":"tag-slugjuris-zundovskis","23":"tag-slugkristaps-zutis","24":"tag-slugslavenibas","25":"tag-slugsports","26":"tag-sports","27":"tag-titleinstagram","28":"tag-titlejuris-zundovskis","29":"tag-titlekristaps-zutis","30":"tag-titleslavenibas","31":"tag-titlesports"},"share_on_mastodon":{"url":"https:\/\/pubeurope.com\/@lv\/115984344262972537","error":""},"_links":{"self":[{"href":"https:\/\/www.europesays.com\/lv\/wp-json\/wp\/v2\/posts\/117541","targetHints":{"allow":["GET"]}}],"collection":[{"href":"https:\/\/www.europesays.com\/lv\/wp-json\/wp\/v2\/posts"}],"about":[{"href":"https:\/\/www.europesays.com\/lv\/wp-json\/wp\/v2\/types\/post"}],"author":[{"embeddable":true,"href":"https:\/\/www.europesays.com\/lv\/wp-json\/wp\/v2\/users\/2"}],"replies":[{"embeddable":true,"href":"https:\/\/www.europesays.com\/lv\/wp-json\/wp\/v2\/comments?post=117541"}],"version-history":[{"count":0,"href":"https:\/\/www.europesays.com\/lv\/wp-json\/wp\/v2\/posts\/117541\/revisions"}],"wp:featuredmedia":[{"embeddable":true,"href":"https:\/\/www.europesays.com\/lv\/wp-json\/wp\/v2\/media\/117542"}],"wp:attachment":[{"href":"https:\/\/www.europesays.com\/lv\/wp-json\/wp\/v2\/media?parent=117541"}],"wp:term":[{"taxonomy":"category","embeddable":true,"href":"https:\/\/www.europesays.com\/lv\/wp-json\/wp\/v2\/categories?post=117541"},{"taxonomy":"post_tag","embeddable":true,"href":"https:\/\/www.europesays.com\/lv\/wp-json\/wp\/v2\/tags?post=117541"}],"curies":[{"name":"wp","href":"https:\/\/api.w.org\/{rel}","templated":true}]}}