{"id":117718,"date":"2026-01-30T17:15:17","date_gmt":"2026-01-30T17:15:17","guid":{"rendered":"https:\/\/www.europesays.com\/lv\/117718\/"},"modified":"2026-01-30T17:15:17","modified_gmt":"2026-01-30T17:15:17","slug":"piektdienas-rita-sliktakie-brauksanas-apstakli-ir-austrumu-pierobeza","status":"publish","type":"post","link":"https:\/\/www.europesays.com\/lv\/117718\/","title":{"rendered":"Piektdienas r\u012bt\u0101 slikt\u0101kie brauk\u0161anas apst\u0101k\u013ci ir austrumu pierobe\u017e\u0101"},"content":{"rendered":"<p>\u0160or\u012bt apgr\u016btin\u0101ti brauk\u0161anas apst\u0101k\u013ci ir Daugavpils \u0161osejas posm\u0101 no Izvaldas l\u012bdz Paterniekiem, R\u0113zeknes \u0161osejas posm\u0101 no Varak\u013c\u0101niem l\u012bdz Terehovai, ce\u013ca Greb\u0146eva &#8211; R\u0113zekne &#8211; Daugavpils posm\u0101 no Greb\u0146evas l\u012bdz Ru\u0161e\u0146icai, k\u0101 ar\u012b pa R\u0113zeknes apvedce\u013cu.<\/p>\n<p>Pa re\u0123ion\u0101lajiem autoce\u013ciem apgr\u016btin\u0101ta brauk\u0161ana ir Ventspils, Talsu, Saldus, Gulbenes, R\u0113zeknes, Ludzas un Kr\u0101slavas apk\u0101rtn\u0113s.<\/p>\n","protected":false},"excerpt":{"rendered":"\u0160or\u012bt apgr\u016btin\u0101ti brauk\u0161anas apst\u0101k\u013ci ir Daugavpils \u0161osejas posm\u0101 no Izvaldas l\u012bdz Paterniekiem, R\u0113zeknes \u0161osejas posm\u0101 no Varak\u013c\u0101niem l\u012bdz&hellip;\n","protected":false},"author":2,"featured_media":117719,"comment_status":"","ping_status":"","sticky":false,"template":"","format":"standard","meta":{"footnotes":""},"categories":[5],"tags":[23,1399,28,29,32,33,22,30,31,321,35,39,38,36,37,34,2857,40,20,26,27,24,25,21],"class_list":{"0":"post-117718","1":"post","2":"type-post","3":"status-publish","4":"format-standard","5":"has-post-thumbnail","7":"category-aktualitates","8":"tag-aktualitates","9":"tag-autoceli","10":"tag-breaking-news","11":"tag-breakingnews","12":"tag-featured-news","13":"tag-featurednews","14":"tag-headlines","15":"tag-latest-news","16":"tag-latestnews","17":"tag-latgale","18":"tag-latvia","19":"tag-latvian","20":"tag-latviesu","21":"tag-latviesu-valoda","22":"tag-latviesuvaloda","23":"tag-latvija","24":"tag-latvijas-valsts-celi","25":"tag-lv","26":"tag-news","27":"tag-popularakas-zinas","28":"tag-popularakaszinas","29":"tag-top-stories","30":"tag-topstories","31":"tag-zinas"},"share_on_mastodon":{"url":"https:\/\/pubeurope.com\/@lv\/115985181730307831","error":""},"_links":{"self":[{"href":"https:\/\/www.europesays.com\/lv\/wp-json\/wp\/v2\/posts\/117718","targetHints":{"allow":["GET"]}}],"collection":[{"href":"https:\/\/www.europesays.com\/lv\/wp-json\/wp\/v2\/posts"}],"about":[{"href":"https:\/\/www.europesays.com\/lv\/wp-json\/wp\/v2\/types\/post"}],"author":[{"embeddable":true,"href":"https:\/\/www.europesays.com\/lv\/wp-json\/wp\/v2\/users\/2"}],"replies":[{"embeddable":true,"href":"https:\/\/www.europesays.com\/lv\/wp-json\/wp\/v2\/comments?post=117718"}],"version-history":[{"count":0,"href":"https:\/\/www.europesays.com\/lv\/wp-json\/wp\/v2\/posts\/117718\/revisions"}],"wp:featuredmedia":[{"embeddable":true,"href":"https:\/\/www.europesays.com\/lv\/wp-json\/wp\/v2\/media\/117719"}],"wp:attachment":[{"href":"https:\/\/www.europesays.com\/lv\/wp-json\/wp\/v2\/media?parent=117718"}],"wp:term":[{"taxonomy":"category","embeddable":true,"href":"https:\/\/www.europesays.com\/lv\/wp-json\/wp\/v2\/categories?post=117718"},{"taxonomy":"post_tag","embeddable":true,"href":"https:\/\/www.europesays.com\/lv\/wp-json\/wp\/v2\/tags?post=117718"}],"curies":[{"name":"wp","href":"https:\/\/api.w.org\/{rel}","templated":true}]}}