{"id":11773,"date":"2025-10-03T20:35:09","date_gmt":"2025-10-03T20:35:09","guid":{"rendered":"https:\/\/www.europesays.com\/lv\/11773\/"},"modified":"2025-10-03T20:35:09","modified_gmt":"2025-10-03T20:35:09","slug":"aksels-ozols-atzits-par-ohl-septembra-mvp-par-izcilu-sniegumu-vartos-lente-lv","status":"publish","type":"post","link":"https:\/\/www.europesays.com\/lv\/11773\/","title":{"rendered":"Aksels Ozols atz\u012bts par OHL septembra MVP par izcilu sniegumu v\u0101rtos\u00a0\u2014\u00a0Lente.lv"},"content":{"rendered":"<p>Aksels Ozols atz\u012bts par OHL septembra MVP, demonstr\u0113jot izcilu sniegumu v\u0101rtos<\/p>\n<p>Optibet Hokeja l\u012bgas (OHL) jaun\u0101s sezonas pirmais m\u0113ne\u0161a nosl\u0113dzies, un par t\u0101 v\u0113rt\u012bg\u0101ko sp\u0113l\u0113t\u0101ju jeb MVP godalgots ir \u201cZemgale\/LBTU\u201d komandas v\u0101rtsargs Aksels Ozols. \u0160is apbalvojums ir ne tikai atzin\u012bba par individu\u0101lo meistar\u012bbu, bet ar\u012b apliecin\u0101jums vi\u0146a noz\u012bm\u012bgajam ieguld\u012bjumam komandas pan\u0101kumos septembr\u012b.<\/p>\n<p>Ozols septembr\u012b demonstr\u0113ja patiesi iespaid\u012bgu sniegumu v\u0101rtu sarg\u0101\u0161an\u0101, pal\u012bdzot Jelgavas vien\u012bbai nostiprin\u0101ties turn\u012bra tabulas aug\u0161gal\u0101. \u010cetr\u0101s aizvad\u012btaj\u0101s sp\u0113l\u0113s vi\u0146\u0161 atvair\u012bja 95,45% metienu, ielai\u017eot vid\u0113ji tikai 1,25 ripas savos v\u0101rtos. \u0160\u0101di statistikas r\u0101d\u012bt\u0101ji ir vair\u0101k nek\u0101 p\u0101rliecino\u0161i un liecina par Ozola sp\u0113ju b\u016bt \u013coti stabilam un dro\u0161am sp\u0113les pamat\u0101.<\/p>\n<p>OHL m\u0113ne\u0161a v\u0113rt\u012bg\u0101k\u0101 sp\u0113l\u0113t\u0101ja godalgas<\/p>\n<p>Jau otro sezonu p\u0113c k\u0101rtas OHL m\u0113ne\u0161a griezum\u0101 tiek noteiktas tr\u012bs spo\u017e\u0101k\u0101s zvaigznes, ta\u010du MVP titulu pie\u0161\u0137ir tikai pirmajai zvaigznei. \u0160oreiz \u0161is gods pien\u0101c\u0101s Ozolam, kura sniegums ir bijis \u0101rk\u0101rt\u012bgi svar\u012bgs \u201cZemgale\/LBTU\u201d pan\u0101kumiem.<\/p>\n<p>Par OHL septembra otro lab\u0101ko sp\u0113l\u0113t\u0101ju atz\u012bts \u201cLiep\u0101ja\u201d komandas uzbruc\u0113js K\u0101rlis Ozoli\u0146\u0161, kur\u0161 septembr\u012b bija viens no rezultat\u012bv\u0101kajiem sp\u0113l\u0113t\u0101jiem vis\u0101 l\u012bg\u0101, sakr\u0101jot 12 punktus (6 v\u0101rti un 6 piesp\u0113les). Tre\u0161\u0101s zvaigznes gods pie\u0161\u0137irts HK \u201cPrizma\u201d uzbruc\u0113jam Robertam Jekimovam, kur\u0161 guva se\u0161us v\u0101rtus un atdeva \u010detras rezultat\u012bvas piesp\u0113les, kopum\u0101 sakr\u0101jot desmit punktus se\u0161\u0101s sp\u0113l\u0113s.<\/p>\n<p>Aksels Ozols \u2013 spo\u017ea n\u0101kotne Latvijas hokej\u0101<\/p>\n<p>Akselam Ozolam ir 20 gadu, un vi\u0146\u0161 ir dzimis 2005. gada 9. febru\u0101r\u012b. Vi\u0146a augums ir 185 cm un svars 69 kg. \u0160\u012b ir vi\u0146a otr\u0101 sezona \u201cZemgale\/LBTU\u201d komand\u0101, jo vi\u0146\u0161 tai pievienoj\u0101s 2024. gad\u0101. Iepriek\u0161 Ozols sp\u0113l\u0113jis Latvijas U-20 izlas\u0113, apliecinot savu potenci\u0101lu un talantu jau jaunie\u0161u l\u012bmen\u012b. Vi\u0146a stabilit\u0101te un sp\u0113ja veikt svar\u012bgus metienu atvair\u012bjumus padara vi\u0146u par neatsveramu komandas da\u013cu. Ozols ir v\u0101rtsargs, kur\u0161 izmanto kreiso tv\u0113rienu un jau iepriek\u0161\u0113j\u0101s sezon\u0101s ir par\u0101d\u012bjis savu v\u0113rt\u012bbu gan Latvijas \u010dempion\u0101t\u0101, gan citos turn\u012bros.<\/p>\n<p>\u201cZemgale\/LBTU\u201d ir viena no vado\u0161aj\u0101m komand\u0101m Optibet Hokeja l\u012bg\u0101. Klubs, kas dibin\u0101ts 2002. gad\u0101, ir divk\u0101rt\u0113js Latvijas \u010dempions (2022. un 2023. gad\u0101). Komandas sadarb\u012bba ar Latvijas Biozin\u0101t\u0146u un tehnolo\u0123iju universit\u0101ti kop\u0161 2013. gada ir padar\u012bjusi to par sp\u0113c\u012bgu sp\u0113ku Latvijas hokej\u0101. \u0160obr\u012bd vien\u012bba ie\u0146em otro vietu turn\u012bra tabul\u0101, demonstr\u0113jot stabilu sniegumu un c\u012bnoties par augst\u0101kaj\u0101m viet\u0101m.<\/p>\n<p>Optibet Hokeja l\u012bgas jaun\u0101 sezona<\/p>\n<p>Optibet Hokeja l\u012bgas jaun\u0101 2025.\/2026. gada sezona tika atkl\u0101ta 5. septembr\u012b. \u0160aj\u0101 sezon\u0101 par \u010dempiona titulu c\u012bn\u012bsies devi\u0146as komandas, nodro\u0161inot aizraujo\u0161\u0101ku un pla\u0161\u0101ku skat\u012bt\u0101ju pieredzi. Sacens\u012bbas notiek p\u0113c piecu ap\u013cu form\u0101ta, kur\u0101 katra komanda aizvad\u012bs 40 sp\u0113les, nodro\u0161inot liel\u0101ko sp\u0113\u013cu skaitu kop\u0161 2008. gada. Izsl\u0113g\u0161anas sp\u0113l\u0113s iek\u013c\u016bs se\u0161as lab\u0101k\u0101s komandas, solot spraigas un neprognoz\u0113jamas sp\u0113les l\u012bdz pat sezonas beig\u0101m.<\/p>\n<p>Aksela Ozola atz\u012b\u0161ana par m\u0113ne\u0161a MVP ir lielisks apliecin\u0101jums vi\u0146a talantam un smagajam darbam. Tas ir ar\u012b sign\u0101ls par vi\u0146a noz\u012bm\u012bgo lomu komand\u0101 un potenci\u0101lu turpin\u0101t ies\u0101kto ce\u013cu virsotnes virzien\u0101.<\/p>\n","protected":false},"excerpt":{"rendered":"Aksels Ozols atz\u012bts par OHL septembra MVP, demonstr\u0113jot izcilu sniegumu v\u0101rtos Optibet Hokeja l\u012bgas (OHL) jaun\u0101s sezonas pirmais&hellip;\n","protected":false},"author":2,"featured_media":11774,"comment_status":"","ping_status":"","sticky":false,"template":"","format":"standard","meta":{"footnotes":""},"categories":[17],"tags":[4287,35,39,38,36,37,34,40,4289,4288,3600,67,2364],"class_list":{"0":"post-11773","1":"post","2":"type-post","3":"status-publish","4":"format-standard","5":"has-post-thumbnail","7":"category-sports","8":"tag-aksels-ozols","9":"tag-latvia","10":"tag-latvian","11":"tag-latviesu","12":"tag-latviesu-valoda","13":"tag-latviesuvaloda","14":"tag-latvija","15":"tag-lv","16":"tag-mvp","17":"tag-optibet-hokeja-liga","18":"tag-septembris","19":"tag-sports","20":"tag-zemgale-lbtu"},"share_on_mastodon":{"url":"","error":""},"_links":{"self":[{"href":"https:\/\/www.europesays.com\/lv\/wp-json\/wp\/v2\/posts\/11773","targetHints":{"allow":["GET"]}}],"collection":[{"href":"https:\/\/www.europesays.com\/lv\/wp-json\/wp\/v2\/posts"}],"about":[{"href":"https:\/\/www.europesays.com\/lv\/wp-json\/wp\/v2\/types\/post"}],"author":[{"embeddable":true,"href":"https:\/\/www.europesays.com\/lv\/wp-json\/wp\/v2\/users\/2"}],"replies":[{"embeddable":true,"href":"https:\/\/www.europesays.com\/lv\/wp-json\/wp\/v2\/comments?post=11773"}],"version-history":[{"count":0,"href":"https:\/\/www.europesays.com\/lv\/wp-json\/wp\/v2\/posts\/11773\/revisions"}],"wp:featuredmedia":[{"embeddable":true,"href":"https:\/\/www.europesays.com\/lv\/wp-json\/wp\/v2\/media\/11774"}],"wp:attachment":[{"href":"https:\/\/www.europesays.com\/lv\/wp-json\/wp\/v2\/media?parent=11773"}],"wp:term":[{"taxonomy":"category","embeddable":true,"href":"https:\/\/www.europesays.com\/lv\/wp-json\/wp\/v2\/categories?post=11773"},{"taxonomy":"post_tag","embeddable":true,"href":"https:\/\/www.europesays.com\/lv\/wp-json\/wp\/v2\/tags?post=11773"}],"curies":[{"name":"wp","href":"https:\/\/api.w.org\/{rel}","templated":true}]}}