{"id":117793,"date":"2026-01-30T19:31:10","date_gmt":"2026-01-30T19:31:10","guid":{"rendered":"https:\/\/www.europesays.com\/lv\/117793\/"},"modified":"2026-01-30T19:31:10","modified_gmt":"2026-01-30T19:31:10","slug":"razma-piecos-setos-zaude-veidam-un-neparvar-pdc-world-masters-pirmo-kartu-tv3-lv","status":"publish","type":"post","link":"https:\/\/www.europesays.com\/lv\/117793\/","title":{"rendered":"Razma piecos setos zaud\u0113 Veidam un nep\u0101rvar PDC \u201cWorld Masters\u201d pirmo k\u0101rtu &#8211; tv3.lv"},"content":{"rendered":"<ol>\n<li><a href=\"https:\/\/news.google.com\/rss\/articles\/CBMiowFBVV95cUxNOGpwUlZqYjdzSlRpX2xlVnBJVWVsOTFfcHlLMkNqZVdJRGxVVlg1aVZkdWozODhzWWl5UHkzU3kxTnJTQU5pV2NzeXowUWlvcGNHRll6Z3FYRFg2S3kzN1ZjY2lMelNTdi1NdmJNUDdtLWI2blRhVGg2RDBVdExTM1c3dFAtR1FCM2lDZkdrQ1BfNm90MWxXazQteXE1eV9mbW84?oc=5\" target=\"_blank\" rel=\"nofollow noopener\">Razma piecos setos zaud\u0113 Veidam un nep\u0101rvar PDC \u201cWorld Masters\u201d pirmo k\u0101rtu<\/a>&nbsp;&nbsp;tv3.lv<\/li>\n<li><a href=\"https:\/\/news.google.com\/rss\/articles\/CBMi2AFBVV95cUxNeGVXQUJFY0d4UXlsRE1QRnJTeldDRWlsU1lrbXVKd1NCVGNqbWlJZTJlbkRJLWJyc2VxNUx0RkdRZFQ3cHQwT2kwTXBpXzNyZmZaQ0p6WVZ4VFV4RlRBUWROV3kyTzhkVkZhMXp0d1NCa2ZBckxzOVBuM0JpLXVLaXY4ZmJYYzY5RndaNXZYRUEzX28wZTBSME8wckVqNDl3OE5kRTlhamd5VkdITE9KaDdULW4weGs1Y0x6RmQtV3daVmZDSHZmcUV2OVlFRXRGMFlZdkVFNk0?oc=5\" target=\"_blank\" rel=\"nofollow noopener\">Britu fani aizst\u0101v Madaru Razmu un uzkl\u016bp savai zvaigznei D\u017eeimsam Veidam. Konflikt\u0101 iesaist\u0101s ar\u012b Bra\u017ee<\/a>&nbsp;&nbsp;Jauns.lv<\/li>\n<li><a href=\"https:\/\/news.google.com\/rss\/articles\/CBMiiAFBVV95cUxPVk8weDVRbjBiZ0FFQ01GNmlxWjYxSExUQklieXdTYmRtdGtmZWNxVC1aTi1VRk9xc2YxUDdkdkFTVl9YZktrdGFMMi0zSlVDX0Q4SExMQnFQLVZuZHNkVjl4Rjh0YzNIczZwTlVQVUJxSUM0SnRYSGhiY3VkWUdFcExqNDYwbmNJ?oc=5\" target=\"_blank\" rel=\"nofollow noopener\">Razma tiek izsvilpts un &#8221;World Masters&#8221; iz\u0161\u0137iro\u0161aj\u0101 set\u0101 zaud\u0113 biju\u0161ajam turn\u012bra \u010dempionam \u2013 Citi sporta veidi<\/a>&nbsp;&nbsp;Sportacentrs.com<\/li>\n<li><a href=\"https:\/\/news.google.com\/rss\/articles\/CBMihwFBVV95cUxQNEtjS3ZmaVlpN183bFZrRmFPbmpQOGZGbXBBVHlCNVJTamNJcURsTU5qM2NCTlcwX2NIcHJkTS1RSVdWa0puc0ZqRW93TklQWjRCTmlUc3hUZGtHdkJzMDZhQWFKS0tDNGhpQlROUlkyS25KVkd6T2JieXRkRG1xQy1wRVIxcnM?oc=5\" target=\"_blank\" rel=\"nofollow noopener\">Video: Razma zaud\u0113 PDC \u201cWorld Masters\u201d pirmaj\u0101 k\u0101rt\u0101<\/a>&nbsp;&nbsp;liepajniekiem.lv<\/li>\n<li><a href=\"https:\/\/news.google.com\/rss\/articles\/CBMi6wFBVV95cUxOYVZuMVF6Q1Vnb1lERDJHU01NMWVqeEdfVXRJbnF6cjNQX0dyc3dYNDI2dEZvdnFvUHVOVi11MkR4dGNYeFIzOHF4czk2SFZHNWJfdVRiME1icW4xY3VISXg1dEdkdmdFdmxSVVdmV1NUVUxCNWlnNHZ6RlBmdHhXX1FhNWRQUXJHWGZGcjlGTE5tRFdwb0s0OHZSckZCNWZCUjZWbDFYc01pc2tBY0dlYWwtY2xia0dhX0V3QlhQdTNqNGo3b3g3Q1JCS3BsMXV6c25kVUxyYzc1eWtVemo0RTVGNU03cnJ2eUpv?oc=5\" target=\"_blank\" rel=\"nofollow noopener\">\u0160autri\u0146u met\u0113js Madars Razma presti\u017eaj\u0101 &#8220;World Masters&#8221; turn\u012br\u0101 debit\u0113 ar zaud\u0113jumu un neizpratni par pretinieka r\u012bc\u012bbu<\/a>&nbsp;&nbsp;Jauns.lv<\/li>\n<\/ol>\n","protected":false},"excerpt":{"rendered":"Razma piecos setos zaud\u0113 Veidam un nep\u0101rvar PDC \u201cWorld Masters\u201d pirmo k\u0101rtu&nbsp;&nbsp;tv3.lv Britu fani aizst\u0101v Madaru Razmu un&hellip;\n","protected":false},"author":2,"featured_media":117794,"comment_status":"","ping_status":"","sticky":false,"template":"","format":"standard","meta":{"footnotes":"","_share_on_mastodon":"0"},"categories":[17],"tags":[35,39,38,36,37,34,40,27080,67],"class_list":["post-117793","post","type-post","status-publish","format-standard","has-post-thumbnail","category-sports","tag-latvia","tag-latvian","tag-latviesu","tag-latviesu-valoda","tag-latviesuvaloda","tag-latvija","tag-lv","tag-madars-razmasautrinu-mesana","tag-sports"],"share_on_mastodon":{"url":"https:\/\/pubeurope.com\/@lv\/115985716508677752","error":""},"_links":{"self":[{"href":"https:\/\/www.europesays.com\/lv\/wp-json\/wp\/v2\/posts\/117793","targetHints":{"allow":["GET"]}}],"collection":[{"href":"https:\/\/www.europesays.com\/lv\/wp-json\/wp\/v2\/posts"}],"about":[{"href":"https:\/\/www.europesays.com\/lv\/wp-json\/wp\/v2\/types\/post"}],"author":[{"embeddable":true,"href":"https:\/\/www.europesays.com\/lv\/wp-json\/wp\/v2\/users\/2"}],"replies":[{"embeddable":true,"href":"https:\/\/www.europesays.com\/lv\/wp-json\/wp\/v2\/comments?post=117793"}],"version-history":[{"count":0,"href":"https:\/\/www.europesays.com\/lv\/wp-json\/wp\/v2\/posts\/117793\/revisions"}],"wp:featuredmedia":[{"embeddable":true,"href":"https:\/\/www.europesays.com\/lv\/wp-json\/wp\/v2\/media\/117794"}],"wp:attachment":[{"href":"https:\/\/www.europesays.com\/lv\/wp-json\/wp\/v2\/media?parent=117793"}],"wp:term":[{"taxonomy":"category","embeddable":true,"href":"https:\/\/www.europesays.com\/lv\/wp-json\/wp\/v2\/categories?post=117793"},{"taxonomy":"post_tag","embeddable":true,"href":"https:\/\/www.europesays.com\/lv\/wp-json\/wp\/v2\/tags?post=117793"}],"curies":[{"name":"wp","href":"https:\/\/api.w.org\/{rel}","templated":true}]}}