{"id":1178,"date":"2025-09-21T23:05:12","date_gmt":"2025-09-21T23:05:12","guid":{"rendered":"https:\/\/www.europesays.com\/lv\/1178\/"},"modified":"2025-09-21T23:05:12","modified_gmt":"2025-09-21T23:05:12","slug":"sturiska-pasaules-kausa-bmx-superkrosa-piektaja-posma-septita-damu-u23-grupa","status":"publish","type":"post","link":"https:\/\/www.europesays.com\/lv\/1178\/","title":{"rendered":"St\u016bri\u0161ka Pasaules kausa BMX Superkros\u0101 piektaj\u0101 posm\u0101 \u2013 sept\u012bt\u0101 d\u0101mu U23 grup\u0101"},"content":{"rendered":"<p><img fetchpriority=\"high\" decoding=\"async\" width=\"1024\" height=\"683\" src=\"https:\/\/www.europesays.com\/lv\/wp-content\/uploads\/2025\/09\/Sturiska1-1024x683.jpg\" alt=\"\" class=\"wp-image-975964\"  \/>Foto: Nico Van Dartel<\/p>\n<p>Sestdien Argent\u012bnas pils\u0113t\u0101 Santiago del Estero aizvad\u012btaj\u0101 UCI BMX Superkrosa Pasaules kausa piektaj\u0101 posm\u0101 vien\u012bg\u0101 Latvijas p\u0101rst\u0101ve Veronika Monika St\u016bri\u0161ka d\u0101mu U23 grup\u0101 izc\u012bn\u012bja sept\u012bto vietu. Sv\u0113tdien turpat paredz\u0113ts ar\u012b sezonas nosl\u0113dzo\u0161ais Pasaules kausa posms.<\/p>\n<p>Veronikai Monikai St\u016bri\u0161kai \u0161\u012b sezona l\u012bdz \u0161im bijusi pav\u0113rsieniem bag\u0101ta. Spilgt\u0101kais mirklis bija uzvara pa\u0161u m\u0101j\u0101s notiku\u0161aj\u0101 Eiropas \u010dempion\u0101t\u0101. Tikm\u0113r Pasaules kaus\u0101 lab\u0101kais sniegums \u2013 ceturt\u0101 vieta \u2013 tika izc\u012bn\u012bta pirmajos posmos. Tre\u0161aj\u0101 posm\u0101 trenera \u0122irta K\u0101ti\u0146a audz\u0113kne piedz\u012bvoja kritienu un traumas d\u0113\u013c nevar\u0113ja piedal\u012bties ceturtaj\u0101 posm\u0101.<\/p>\n<p>Argent\u012bn\u0101 notieko\u0161ie nosl\u0113dzo\u0161ie divi Pasaules kausa posmi izce\u013cas ar \u013coti sp\u0113c\u012bgu karstumu \u2013 gaisa temperat\u016bra p\u0101rsniedza +39 gr\u0101dus p\u0113c Celsija. Dal\u012bbnieku skaits, sal\u012bdzinot ar iepriek\u0161\u0113jiem posmiem Eirop\u0101, bija iev\u0113rojami maz\u0101ks. Izteikti domin\u0113ja Dienvidamerikas p\u0101rst\u0101vji.<\/p>\n<p>            <img loading=\"lazy\" decoding=\"async\" width=\"1024\" height=\"683\" src=\"https:\/\/www.europesays.com\/lv\/wp-content\/uploads\/2025\/09\/Sturiska2-1024x683.jpg\" alt=\"\" class=\"wp-image-975965\"  \/>^wu#505 STURISKA, Veronika Monika (LAT) Team_LAT<\/p>\n<p>Veronika, kura ir vien\u012bg\u0101 Latvijas p\u0101rst\u0101ve, pirm\u0101s k\u0101rtas braucien\u0101 izc\u012bn\u012bja otro vietu, s\u012bv\u0101 c\u012b\u0146\u0101 atz\u012bstot Lilijas Gr\u012bnhougas (Jaunz\u0113lande) p\u0101r\u0101kumu.<\/p>\n<p>Pusfin\u0101l\u0101 Veronika start\u0113ja otraj\u0101 braucien\u0101 ar sev labi zin\u0101m\u0101m konkurent\u0113m \u2013 Avu Korleju un Em\u012bliju Hatu. Start\u0101, no astot\u0101 celi\u0146a, Veronika bija \u0101tr\u0101k\u0101, tom\u0113r pirmaj\u0101 taisn\u0113 vi\u0146u apsteidza gan Korleja, gan Hata. M\u016bsu sportiste stabili atrad\u0101s tre\u0161aj\u0101 viet\u0101, nepie\u013caujot k\u013c\u016bdas. P\u0113d\u0113j\u0101 taisn\u0113 Veronika strauji pietuvoj\u0101s Lielbrit\u0101nijas sportistei Hatai, tom\u0113r apsteigt vi\u0146u neizdev\u0101s \u2013 fini\u0161s tre\u0161aj\u0101 viet\u0101.<\/p>\n<p>Fin\u0101l\u0101 Veronika start\u0113ja no sev ierast\u0101 astot\u0101 celi\u0146a. Eiropas \u010dempione start\u0101 atkal bija starp \u0101tr\u0101kaj\u0101m. Pirmaj\u0101 vir\u0101\u017e\u0101 vi\u0146a ieg\u0101ja k\u0101 tre\u0161\u0101, tom\u0113r, esot \u0101rmal\u0101, zaud\u0113ja vair\u0101kas poz\u012bcijas. P\u0113c vir\u0101\u017eas pazuda ritms, un latviete non\u0101ca astotaj\u0101 poz\u012bcij\u0101. St\u016bri\u0161ka gan c\u012bn\u012bj\u0101s l\u012bdz galam, beig\u0101s apsteidzot Kolumbijas sportisti Gizelu Moru.<\/p>\n<p>Sezonas kopv\u0113rt\u0113jum\u0101 pirms p\u0113d\u0113j\u0101 posma Veronika pak\u0101p\u0101s uz astoto vietu. Uzvaru posm\u0101 izc\u012bn\u012bja Mi\u0161ela Vissinga (N\u012bderlande), kurai \u0161is bija piektais triumfs piecos posmos. Otr\u0101 \u2013 Lilija Gr\u012bnhouga (Jaunz\u0113lande), tre\u0161\u0101 \u2013 Aleksa Ald\u0113na (ASV).<\/p>\n<p>V\u012bru elit\u0113 uzvar\u0113ja Pasaules \u010dempions Arturs Pil\u0101rds (Francija), otraj\u0101 viet\u0101 atst\u0101jot m\u0101jinieku Gonzalo Molinu. D\u0101mu elit\u0113 tikm\u0113r triumf\u0113ja Saja Sakakibara.<\/p>\n<p>Sv\u0113tdien \u2013 sezonas nosl\u0113dzo\u0161ais posms.<\/p>\n<p>Toms Markss, \u0122ener\u0101lsekret\u0101rs\/ General Secretary<\/p>\n<p>Latvijas Rite\u0146brauk\u0161anas feder\u0101cija \/ Latvian Cycling Federation<\/p>\n","protected":false},"excerpt":{"rendered":"Foto: Nico Van Dartel Sestdien Argent\u012bnas pils\u0113t\u0101 Santiago del Estero aizvad\u012btaj\u0101 UCI BMX Superkrosa Pasaules kausa piektaj\u0101 posm\u0101&hellip;\n","protected":false},"author":2,"featured_media":1179,"comment_status":"","ping_status":"","sticky":false,"template":"","format":"standard","meta":{"footnotes":""},"categories":[17],"tags":[782,35,39,38,36,37,34,40,783,67,784],"class_list":{"0":"post-1178","1":"post","2":"type-post","3":"status-publish","4":"format-standard","5":"has-post-thumbnail","7":"category-sports","8":"tag-bmx","9":"tag-latvia","10":"tag-latvian","11":"tag-latviesu","12":"tag-latviesu-valoda","13":"tag-latviesuvaloda","14":"tag-latvija","15":"tag-lv","16":"tag-pasauleskausabmxsuperkross","17":"tag-sports","18":"tag-veronikamonikasturiska"},"share_on_mastodon":{"url":"","error":""},"_links":{"self":[{"href":"https:\/\/www.europesays.com\/lv\/wp-json\/wp\/v2\/posts\/1178","targetHints":{"allow":["GET"]}}],"collection":[{"href":"https:\/\/www.europesays.com\/lv\/wp-json\/wp\/v2\/posts"}],"about":[{"href":"https:\/\/www.europesays.com\/lv\/wp-json\/wp\/v2\/types\/post"}],"author":[{"embeddable":true,"href":"https:\/\/www.europesays.com\/lv\/wp-json\/wp\/v2\/users\/2"}],"replies":[{"embeddable":true,"href":"https:\/\/www.europesays.com\/lv\/wp-json\/wp\/v2\/comments?post=1178"}],"version-history":[{"count":0,"href":"https:\/\/www.europesays.com\/lv\/wp-json\/wp\/v2\/posts\/1178\/revisions"}],"wp:featuredmedia":[{"embeddable":true,"href":"https:\/\/www.europesays.com\/lv\/wp-json\/wp\/v2\/media\/1179"}],"wp:attachment":[{"href":"https:\/\/www.europesays.com\/lv\/wp-json\/wp\/v2\/media?parent=1178"}],"wp:term":[{"taxonomy":"category","embeddable":true,"href":"https:\/\/www.europesays.com\/lv\/wp-json\/wp\/v2\/categories?post=1178"},{"taxonomy":"post_tag","embeddable":true,"href":"https:\/\/www.europesays.com\/lv\/wp-json\/wp\/v2\/tags?post=1178"}],"curies":[{"name":"wp","href":"https:\/\/api.w.org\/{rel}","templated":true}]}}