{"id":11785,"date":"2025-10-03T21:09:08","date_gmt":"2025-10-03T21:09:08","guid":{"rendered":"https:\/\/www.europesays.com\/lv\/11785\/"},"modified":"2025-10-03T21:09:08","modified_gmt":"2025-10-03T21:09:08","slug":"hamas-atbildejis-uz-trampa-planu-teroristi-piekritusi-atbrivot-izraelas-kilniekus","status":"publish","type":"post","link":"https:\/\/www.europesays.com\/lv\/11785\/","title":{"rendered":"HAMAS atbild\u0113jis uz \u201cTrampa pl\u0101nu\u201d \u2013 teroristi piekritu\u0161i atbr\u012bvot Izra\u0113las \u0137\u012blniekus"},"content":{"rendered":"<p>P\u0113c mediju zi\u0146ot\u0101, HAMAS vad\u012bba piekritusi:<\/p>\n<ul>\n<li>atbr\u012bvot visus dz\u012bvos Izra\u0113las \u0137\u012blniekus un nodot boj\u0101g\u0101ju\u0161o mirst\u012bg\u0101s atliekas saska\u0146\u0101 ar Trampa noteiktajiem nosac\u012bjumiem;<\/li>\n<li>nekav\u0113joties s\u0101kt sarunas ar starpnieku pal\u012bdz\u012bbu, lai apspriestu pl\u0101na deta\u013cas;<\/li>\n<li>nodot Gazas sektora p\u0101rvald\u012bbu palest\u012bnie\u0161u komitejai.<\/li>\n<\/ul>\n<p>\u201cM\u0113s nov\u0113rt\u0113jam prezidenta Trampa centienus izbeigt karu,\u201d cit\u0113 Axios public\u0113tais HAMAS pazi\u0146ojums.<\/p>\n<p>Taj\u0101 ar\u012b nor\u0101d\u012bts, ka citi jaut\u0101jumi \u201ctiks risin\u0101ti pla\u0161\u0101kas palest\u012bnie\u0161u nacion\u0101l\u0101s strukt\u016bras ietvaros, kur HAMAS piedal\u012bsies un sniegs savu atbild\u012bgu ieguld\u012bjumu\u201d. Vienlaikus Trampa pl\u0101n\u0101 paredz\u0113ts HAMAS atst\u0101din\u0101t no varas Gaz\u0101.<\/p>\n<p>Jau zi\u0146ots, ka ASV prezidents <a href=\"https:\/\/www.tvnet.lv\/term\/555636\/donalds-tramps\" class=\"topicLink\" target=\"_blank\" rel=\"nofollow noopener\">Donalds Tramps<\/a> piektdien izvirz\u012bjis ultim\u0101tu palest\u012bnie\u0161u teroristu grup\u0113jumam &#8220;Ham\u0101s&#8221;, pieprasot tam l\u012bdz sv\u0113tdienas vakaram piekrist vi\u0146a pl\u0101nam kara izbeig\u0161anai Gazas josl\u0101 vai r\u0113\u0137in\u0101ties nepieredz\u0113ti bargu atbildi.<\/p>\n<p>Tramps pazi\u0146oja, ka &#8220;Ham\u0101s&#8221; ir laiks l\u012bdz sv\u0113tdienai plkst.18 (pirmdienai plkst.1 p\u0113c Latvijas laika).<\/p>\n<p>&#8220;Ja \u0161\u012bs p\u0113d\u0113j\u0101 br\u012b\u017ea vieno\u0161an\u0101s netiks pan\u0101kta, &#8220;Ham\u0101s&#8221; piedz\u012bvos elli, k\u0101du neviens v\u0113l nav redz\u0113jis,&#8221; sav\u0101 platform\u0101 &#8220;Truth Social&#8221; pazi\u0146oja ASV prezidents.<\/p>\n","protected":false},"excerpt":{"rendered":"P\u0113c mediju zi\u0146ot\u0101, HAMAS vad\u012bba piekritusi: atbr\u012bvot visus dz\u012bvos Izra\u0113las \u0137\u012blniekus un nodot boj\u0101g\u0101ju\u0161o mirst\u012bg\u0101s atliekas saska\u0146\u0101 ar&hellip;\n","protected":false},"author":2,"featured_media":11786,"comment_status":"","ping_status":"","sticky":false,"template":"","format":"standard","meta":{"footnotes":""},"categories":[5],"tags":[23,28,29,542,32,33,2404,1272,22,30,31,35,39,38,36,37,34,40,20,26,27,24,25,21],"class_list":{"0":"post-11785","1":"post","2":"type-post","3":"status-publish","4":"format-standard","5":"has-post-thumbnail","7":"category-aktualitates","8":"tag-aktualitates","9":"tag-breaking-news","10":"tag-breakingnews","11":"tag-donalds-tramps","12":"tag-featured-news","13":"tag-featurednews","14":"tag-gaza","15":"tag-hamas","16":"tag-headlines","17":"tag-latest-news","18":"tag-latestnews","19":"tag-latvia","20":"tag-latvian","21":"tag-latviesu","22":"tag-latviesu-valoda","23":"tag-latviesuvaloda","24":"tag-latvija","25":"tag-lv","26":"tag-news","27":"tag-popularakas-zinas","28":"tag-popularakaszinas","29":"tag-top-stories","30":"tag-topstories","31":"tag-zinas"},"share_on_mastodon":{"url":"","error":""},"_links":{"self":[{"href":"https:\/\/www.europesays.com\/lv\/wp-json\/wp\/v2\/posts\/11785","targetHints":{"allow":["GET"]}}],"collection":[{"href":"https:\/\/www.europesays.com\/lv\/wp-json\/wp\/v2\/posts"}],"about":[{"href":"https:\/\/www.europesays.com\/lv\/wp-json\/wp\/v2\/types\/post"}],"author":[{"embeddable":true,"href":"https:\/\/www.europesays.com\/lv\/wp-json\/wp\/v2\/users\/2"}],"replies":[{"embeddable":true,"href":"https:\/\/www.europesays.com\/lv\/wp-json\/wp\/v2\/comments?post=11785"}],"version-history":[{"count":0,"href":"https:\/\/www.europesays.com\/lv\/wp-json\/wp\/v2\/posts\/11785\/revisions"}],"wp:featuredmedia":[{"embeddable":true,"href":"https:\/\/www.europesays.com\/lv\/wp-json\/wp\/v2\/media\/11786"}],"wp:attachment":[{"href":"https:\/\/www.europesays.com\/lv\/wp-json\/wp\/v2\/media?parent=11785"}],"wp:term":[{"taxonomy":"category","embeddable":true,"href":"https:\/\/www.europesays.com\/lv\/wp-json\/wp\/v2\/categories?post=11785"},{"taxonomy":"post_tag","embeddable":true,"href":"https:\/\/www.europesays.com\/lv\/wp-json\/wp\/v2\/tags?post=11785"}],"curies":[{"name":"wp","href":"https:\/\/api.w.org\/{rel}","templated":true}]}}