{"id":11787,"date":"2025-10-03T21:15:13","date_gmt":"2025-10-03T21:15:13","guid":{"rendered":"https:\/\/www.europesays.com\/lv\/11787\/"},"modified":"2025-10-03T21:15:13","modified_gmt":"2025-10-03T21:15:13","slug":"starptautiskas-pvn-krapsanas-shemas-dalibnieks-tiek-pie-cietumsoda-un-vairak-neka-viena-miljona-eiro-liela-naudas-soda","status":"publish","type":"post","link":"https:\/\/www.europesays.com\/lv\/11787\/","title":{"rendered":"Starptautiskas PVN kr\u0101p\u0161anas sh\u0113mas dal\u012bbnieks tiek pie cietumsoda un vair\u0101k nek\u0101 viena miljona eiro liela naudas soda"},"content":{"rendered":"<p>A\u0123ent\u016brai LETA zin\u0101ms, ka liet\u0101 aps\u016bdz\u0113ti Deivids \u010cervinskis-Bu\u0161s, Sandris Spur\u0137is un Valdis Spur\u0137is.<\/p>\n<p>Viens no vi\u0146iem sod\u012bts ar br\u012bv\u012bbas at\u0146em\u0161anu uz gadu, at\u0146emot ties\u012bbas uz visu veidu komercdarb\u012bbu uz tr\u012bs gadiem, prob\u0101cijas uzraudz\u012bbu uz tr\u012bs gadiem, naudas sodu nedaudz vair\u0101k nek\u0101 viena miljona eiro apm\u0113r\u0101 un da\u013c\u0113ju mantas konfisk\u0101ciju, konfisc\u0113jot pulkste\u0146us, naudu un kriptoval\u016btu.<\/p>\n<p>Otra persona sod\u012bta ar prob\u0101cijas uzraudz\u012bbu uz \u010detriem gadiem, at\u0146emot ties\u012bbas uz visu veidu komercdarb\u012bbu uz tr\u012bs gadiem, k\u0101 ar\u012b naudas sodu 100 640 eiro apm\u0113r\u0101.<\/p>\n<p>Tre\u0161ais sod\u012bts ar prob\u0101cijas uzraudz\u012bbu uz tr\u012bs gadiem, at\u0146emot ties\u012bbas uz visu veidu komercdarb\u012bbu uz diviem gadiem, k\u0101 ar\u012b naudas sodu 50 320 eiro apm\u0113r\u0101.<\/p>\n<p>Krimin\u0101lproces\u0101 aps\u016bdz\u0113tie da\u013c\u0113ji atl\u012bdzin\u0101ja \u0101rvalstu nodok\u013cu administr\u0101cij\u0101m nodar\u012btos zaud\u0113jumus &#8211; nedaudz vair\u0101k par vienu miljonu eiro, t\u0101d\u0113\u013c ar tiesas spriedumu no vi\u0146iem solid\u0101ri ir piedz\u012bti \u0101rvalstu nodok\u013cu administr\u0101cij\u0101m nodar\u012btie zaud\u0113jumi v\u0113l nesegtaj\u0101 apm\u0113r\u0101 &#8211; 2,68 miljoni eiro.<\/p>\n<p>Spriedumu var\u0113s p\u0101rs\u016bdz\u0113t R\u012bgas apgabalties\u0101.<\/p>\n<p>\u0160\u012b ir no izmekl\u0113\u0161anas &#8220;Admir\u0101lis 2.0&#8221; izdal\u012bta krimin\u0101llietu, kur\u0101 pie krimin\u0101latbild\u012bbas sauktas tr\u012bs personas par izvair\u012b\u0161anos no nodok\u013cu nomaksas, nodarot zaud\u0113jumus Francijas, Austrijas, V\u0101cijas, It\u0101lijas un Sp\u0101nijas valsts bud\u017eetiem ne maz\u0101k k\u0101 5,04 miljonu eiro apm\u0113r\u0101. Papildus viena persona saukta pie atbild\u012bbas ar\u012b par noziedz\u012bgi ieg\u016btu l\u012bdzek\u013cu legaliz\u0101ciju 1,42 miljonu eiro apm\u0113r\u0101. Vienam no aps\u016bdz\u0113tajiem no 2024.gada 26.novembra ir piem\u0113rots apcietin\u0101jums.<\/p>\n","protected":false},"excerpt":{"rendered":"A\u0123ent\u016brai LETA zin\u0101ms, ka liet\u0101 aps\u016bdz\u0113ti Deivids \u010cervinskis-Bu\u0161s, Sandris Spur\u0137is un Valdis Spur\u0137is. Viens no vi\u0146iem sod\u012bts ar&hellip;\n","protected":false},"author":2,"featured_media":11788,"comment_status":"","ping_status":"","sticky":false,"template":"","format":"standard","meta":{"footnotes":""},"categories":[5],"tags":[23,28,29,32,33,22,4290,30,31,35,39,38,36,37,34,40,4291,20,26,27,1127,24,25,21],"class_list":{"0":"post-11787","1":"post","2":"type-post","3":"status-publish","4":"format-standard","5":"has-post-thumbnail","7":"category-aktualitates","8":"tag-aktualitates","9":"tag-breaking-news","10":"tag-breakingnews","11":"tag-featured-news","12":"tag-featurednews","13":"tag-headlines","14":"tag-krapsana","15":"tag-latest-news","16":"tag-latestnews","17":"tag-latvia","18":"tag-latvian","19":"tag-latviesu","20":"tag-latviesu-valoda","21":"tag-latviesuvaloda","22":"tag-latvija","23":"tag-lv","24":"tag-naudas-izkrapsana","25":"tag-news","26":"tag-popularakas-zinas","27":"tag-popularakaszinas","28":"tag-pvn","29":"tag-top-stories","30":"tag-topstories","31":"tag-zinas"},"share_on_mastodon":{"url":"","error":""},"_links":{"self":[{"href":"https:\/\/www.europesays.com\/lv\/wp-json\/wp\/v2\/posts\/11787","targetHints":{"allow":["GET"]}}],"collection":[{"href":"https:\/\/www.europesays.com\/lv\/wp-json\/wp\/v2\/posts"}],"about":[{"href":"https:\/\/www.europesays.com\/lv\/wp-json\/wp\/v2\/types\/post"}],"author":[{"embeddable":true,"href":"https:\/\/www.europesays.com\/lv\/wp-json\/wp\/v2\/users\/2"}],"replies":[{"embeddable":true,"href":"https:\/\/www.europesays.com\/lv\/wp-json\/wp\/v2\/comments?post=11787"}],"version-history":[{"count":0,"href":"https:\/\/www.europesays.com\/lv\/wp-json\/wp\/v2\/posts\/11787\/revisions"}],"wp:featuredmedia":[{"embeddable":true,"href":"https:\/\/www.europesays.com\/lv\/wp-json\/wp\/v2\/media\/11788"}],"wp:attachment":[{"href":"https:\/\/www.europesays.com\/lv\/wp-json\/wp\/v2\/media?parent=11787"}],"wp:term":[{"taxonomy":"category","embeddable":true,"href":"https:\/\/www.europesays.com\/lv\/wp-json\/wp\/v2\/categories?post=11787"},{"taxonomy":"post_tag","embeddable":true,"href":"https:\/\/www.europesays.com\/lv\/wp-json\/wp\/v2\/tags?post=11787"}],"curies":[{"name":"wp","href":"https:\/\/api.w.org\/{rel}","templated":true}]}}