{"id":11789,"date":"2025-10-03T21:21:09","date_gmt":"2025-10-03T21:21:09","guid":{"rendered":"https:\/\/www.europesays.com\/lv\/11789\/"},"modified":"2025-10-03T21:21:09","modified_gmt":"2025-10-03T21:21:09","slug":"tramps-izvirza-ultimatu-hamas-un-draud-ar-bargu-ricibu-ja-tas-netiks-izpildits","status":"publish","type":"post","link":"https:\/\/www.europesays.com\/lv\/11789\/","title":{"rendered":"Tramps izvirza ultim\u0101tu &#8220;Ham\u0101s&#8221; un draud ar bargu r\u012bc\u012bbu, ja tas netiks izpild\u012bts"},"content":{"rendered":"<p>Tramps pazi\u0146oja, ka &#8220;Ham\u0101s&#8221; ir laiks l\u012bdz sv\u0113tdienai plkst.18 (pirmdienai plkst.1 p\u0113c Latvijas laika).<\/p>\n<p>&#8220;Ja \u0161\u012bs p\u0113d\u0113j\u0101 br\u012b\u017ea vieno\u0161an\u0101s netiks pan\u0101kta, &#8220;Ham\u0101s&#8221; piedz\u012bvos elli, k\u0101du neviens v\u0113l nav redz\u0113jis,&#8221; sav\u0101 platform\u0101 &#8220;Truth Social&#8221; pazi\u0146oja ASV prezidents.<\/p>\n<p>Jau v\u0113st\u012bts, ka pirmdien p\u0113c Trampa un Izra\u0113las premjerministra Benjamina Netanjahu tik\u0161an\u0101s Baltaj\u0101 nam\u0101 tika publiskots Trampa virz\u012btais 20 punktu pl\u0101ns, kas paredz t\u016bl\u012bt\u0113ju pamieru Gazas josl\u0101, &#8220;Ham\u0101s&#8221; g\u016bst\u0101 eso\u0161o \u0137\u012blnieku atbr\u012bvo\u0161anu, &#8220;Ham\u0101s&#8221; atbru\u0146o\u0161anos un Izra\u0113las sp\u0113ku atk\u0101p\u0161anos. Pl\u0101ns ar\u012b paredz &#8220;pagaidu starptautisku stabiliz\u0101cijas sp\u0113ku&#8221; izvieto\u0161anu un p\u0101rejas iest\u0101des izveidi, ko vad\u012btu Tramps.<\/p>\n<p>P\u0113c Izra\u0113las sp\u0113ku pak\u0101peniskas atk\u0101p\u0161an\u0101s Gazas josl\u0101 atkal iepl\u016bstu pal\u012bdz\u012bba un invest\u012bcijas un palest\u012bnie\u0161i netiktu spiesti atst\u0101t \u0161o teritoriju, bet gan mudin\u0101ti palikt un veidot lab\u0101ku Gazas joslu, teikts Trampa pl\u0101n\u0101.<\/p>\n","protected":false},"excerpt":{"rendered":"Tramps pazi\u0146oja, ka &#8220;Ham\u0101s&#8221; ir laiks l\u012bdz sv\u0113tdienai plkst.18 (pirmdienai plkst.1 p\u0113c Latvijas laika). &#8220;Ja \u0161\u012bs p\u0113d\u0113j\u0101 br\u012b\u017ea&hellip;\n","protected":false},"author":2,"featured_media":11790,"comment_status":"","ping_status":"","sticky":false,"template":"","format":"standard","meta":{"footnotes":""},"categories":[5],"tags":[23,28,29,542,32,33,1274,1272,22,30,31,35,39,38,36,37,34,40,20,26,27,24,25,21],"class_list":{"0":"post-11789","1":"post","2":"type-post","3":"status-publish","4":"format-standard","5":"has-post-thumbnail","7":"category-aktualitates","8":"tag-aktualitates","9":"tag-breaking-news","10":"tag-breakingnews","11":"tag-donalds-tramps","12":"tag-featured-news","13":"tag-featurednews","14":"tag-gazas-josla","15":"tag-hamas","16":"tag-headlines","17":"tag-latest-news","18":"tag-latestnews","19":"tag-latvia","20":"tag-latvian","21":"tag-latviesu","22":"tag-latviesu-valoda","23":"tag-latviesuvaloda","24":"tag-latvija","25":"tag-lv","26":"tag-news","27":"tag-popularakas-zinas","28":"tag-popularakaszinas","29":"tag-top-stories","30":"tag-topstories","31":"tag-zinas"},"share_on_mastodon":{"url":"","error":""},"_links":{"self":[{"href":"https:\/\/www.europesays.com\/lv\/wp-json\/wp\/v2\/posts\/11789","targetHints":{"allow":["GET"]}}],"collection":[{"href":"https:\/\/www.europesays.com\/lv\/wp-json\/wp\/v2\/posts"}],"about":[{"href":"https:\/\/www.europesays.com\/lv\/wp-json\/wp\/v2\/types\/post"}],"author":[{"embeddable":true,"href":"https:\/\/www.europesays.com\/lv\/wp-json\/wp\/v2\/users\/2"}],"replies":[{"embeddable":true,"href":"https:\/\/www.europesays.com\/lv\/wp-json\/wp\/v2\/comments?post=11789"}],"version-history":[{"count":0,"href":"https:\/\/www.europesays.com\/lv\/wp-json\/wp\/v2\/posts\/11789\/revisions"}],"wp:featuredmedia":[{"embeddable":true,"href":"https:\/\/www.europesays.com\/lv\/wp-json\/wp\/v2\/media\/11790"}],"wp:attachment":[{"href":"https:\/\/www.europesays.com\/lv\/wp-json\/wp\/v2\/media?parent=11789"}],"wp:term":[{"taxonomy":"category","embeddable":true,"href":"https:\/\/www.europesays.com\/lv\/wp-json\/wp\/v2\/categories?post=11789"},{"taxonomy":"post_tag","embeddable":true,"href":"https:\/\/www.europesays.com\/lv\/wp-json\/wp\/v2\/tags?post=11789"}],"curies":[{"name":"wp","href":"https:\/\/api.w.org\/{rel}","templated":true}]}}