{"id":11806,"date":"2025-10-03T21:49:07","date_gmt":"2025-10-03T21:49:07","guid":{"rendered":"https:\/\/www.europesays.com\/lv\/11806\/"},"modified":"2025-10-03T21:49:07","modified_gmt":"2025-10-03T21:49:07","slug":"gruzija-sestdien-planoti-plasi-protesti-pret-valdibu","status":"publish","type":"post","link":"https:\/\/www.europesays.com\/lv\/11806\/","title":{"rendered":"Gruzij\u0101 sestdien pl\u0101noti pla\u0161i protesti pret vald\u012bbu"},"content":{"rendered":"<p>Liela da\u013ca no opoz\u012bcijas v\u0113l\u0113\u0161anas boikot\u0113s, bet akt\u012bvisti un citas opoz\u012bcijas grupas organiz\u0113 protestus Tbilisi ar m\u0113r\u0137i &#8220;mierm\u012bl\u012bgi g\u0101zt vald\u012bbu&#8221;.<\/p>\n<p>Gruzijas premjerministrs un valdo\u0161\u0101s partijas &#8220;Gruzijas sapnis&#8221; l\u012bderis Iraklijs Kobahidze \u0161odien aicin\u0101ja tautie\u0161us attur\u0113ties no pretlikum\u012bg\u0101m darb\u012bb\u0101m v\u0113l\u0113\u0161anu dien\u0101.<\/p>\n<p>Kobahidze nor\u0101d\u012bja, ka cilv\u0113kiem ir ties\u012bbas uz mierm\u012bl\u012bgu pulc\u0113\u0161anos, ta\u010du vardarb\u012bbas vai likuma p\u0101rk\u0101pumu gad\u012bjum\u0101 varasiest\u0101des rea\u0123\u0113s ar stingr\u012bbu. Vi\u0146\u0161 atg\u0101din\u0101ja, ka tie, kas agr\u0101k iesaist\u012bju\u0161ies vardarb\u012bb\u0101, jau ir saukti pie atbild\u012bbas. Policijas vardarb\u012bbu pret mierm\u012bl\u012bgiem protest\u0113t\u0101jiem agr\u0101ko demonstr\u0101ciju laik\u0101 vi\u0146\u0161 nekoment\u0113ja.<\/p>\n<p>&#8220;Sods ir diezgan bargs &#8211; no diviem l\u012bdz \u010detriem gadiem cietum\u0101. T\u0101p\u0113c es v\u0113los visiem atg\u0101din\u0101t, ka gad\u012bjum\u0101, ja k\u0101ds sliektos uz nelikum\u012bg\u0101m darb\u012bb\u0101m, vi\u0146\u0161 sa\u0146ems \u013coti bargu atbildi, t\u0101p\u0113c mums visiem draudz\u012bgi j\u0101iesaka ne\u0137erties pie vardarb\u012bbas un nep\u0101rk\u0101pt likumu,&#8221; pazi\u0146oja premjers.<\/p>\n<p>Gaid\u0101ms, ka r\u012bt protestos piedal\u012bsies vair\u0101kas opoz\u012bcijas koal\u012bcijas, sabiedrisk\u0101s iniciat\u012bvas un desmitiem t\u016bksto\u0161u cilv\u0113ku.<\/p>\n<p>P\u0113d\u0113jos m\u0113ne\u0161os Gruzij\u0101 aiztur\u0113ti vair\u0101ki prominenti opoz\u012bcijas p\u0101rst\u0101vji. Tuvojoties pa\u0161vald\u012bbu v\u0113l\u0113\u0161an\u0101m, varasiest\u0101des ar\u012b pastiprin\u0101ti v\u0113rsu\u0161\u0101s pret neatkar\u012bgajiem medijiem.<\/p>\n<p>Gruzij\u0101 valda politisk\u0101 kr\u012bze kop\u0161 parlamenta v\u0113l\u0113\u0161an\u0101m pag\u0101ju\u0161\u0101 gada oktobr\u012b. Opoz\u012bcijas partijas aps\u016bdz valdo\u0161o partiju &#8220;Gruzijas sapnis&#8221; v\u0113l\u0113\u0161anu vilto\u0161an\u0101 un boikot\u0113 pa\u0161reiz\u0113jo parlamenta sasaukumu. P\u0113c v\u0113l\u0113\u0161an\u0101m valst\u012b notika pla\u0161i <a href=\"https:\/\/www.apollo.lv\/term\/576593\/protesti\" class=\"topicLink\" target=\"_blank\" rel=\"nofollow noopener\">protesti<\/a>, un demonstr\u0101cijas turpin\u0101s joproj\u0101m, bet vairs nav tik v\u0113rien\u012bgas.<\/p>\n<p>Valdo\u0161\u0101 koal\u012bcija tiek kritiz\u0113ta par Krem\u013ca autorit\u0101r\u0101s prakses kop\u0113\u0161anu un Gruzijas att\u0101lin\u0101\u0161anu no izredz\u0113m pievienoties Eiropas Savien\u012bbai (ES).<\/p>\n<p>ASV un vair\u0101kas Eiropas valstis piem\u0113roju\u0161as sankcijas vair\u0101k\u0101m amatperson\u0101m, kas p\u0101rst\u0101v partiju &#8220;Gruzijas sapnis&#8221;.<\/p>\n","protected":false},"excerpt":{"rendered":"Liela da\u013ca no opoz\u012bcijas v\u0113l\u0113\u0161anas boikot\u0113s, bet akt\u012bvisti un citas opoz\u012bcijas grupas organiz\u0113 protestus Tbilisi ar m\u0113r\u0137i &#8220;mierm\u012bl\u012bgi&hellip;\n","protected":false},"author":2,"featured_media":11807,"comment_status":"","ping_status":"","sticky":false,"template":"","format":"standard","meta":{"footnotes":""},"categories":[14],"tags":[23,57,28,29,32,33,3507,22,30,31,35,39,38,36,37,34,40,20,26,27,4204,24,25,54,55,56,21,58],"class_list":{"0":"post-11806","1":"post","2":"type-post","3":"status-publish","4":"format-standard","5":"has-post-thumbnail","7":"category-zinas-no-arvalstim","8":"tag-aktualitates","9":"tag-arvalstim","10":"tag-breaking-news","11":"tag-breakingnews","12":"tag-featured-news","13":"tag-featurednews","14":"tag-gruzija","15":"tag-headlines","16":"tag-latest-news","17":"tag-latestnews","18":"tag-latvia","19":"tag-latvian","20":"tag-latviesu","21":"tag-latviesu-valoda","22":"tag-latviesuvaloda","23":"tag-latvija","24":"tag-lv","25":"tag-news","26":"tag-popularakas-zinas","27":"tag-popularakaszinas","28":"tag-protesti","29":"tag-top-stories","30":"tag-topstories","31":"tag-world","32":"tag-world-news","33":"tag-worldnews","34":"tag-zinas","35":"tag-zinas-no-arvalstim"},"share_on_mastodon":{"url":"","error":""},"_links":{"self":[{"href":"https:\/\/www.europesays.com\/lv\/wp-json\/wp\/v2\/posts\/11806","targetHints":{"allow":["GET"]}}],"collection":[{"href":"https:\/\/www.europesays.com\/lv\/wp-json\/wp\/v2\/posts"}],"about":[{"href":"https:\/\/www.europesays.com\/lv\/wp-json\/wp\/v2\/types\/post"}],"author":[{"embeddable":true,"href":"https:\/\/www.europesays.com\/lv\/wp-json\/wp\/v2\/users\/2"}],"replies":[{"embeddable":true,"href":"https:\/\/www.europesays.com\/lv\/wp-json\/wp\/v2\/comments?post=11806"}],"version-history":[{"count":0,"href":"https:\/\/www.europesays.com\/lv\/wp-json\/wp\/v2\/posts\/11806\/revisions"}],"wp:featuredmedia":[{"embeddable":true,"href":"https:\/\/www.europesays.com\/lv\/wp-json\/wp\/v2\/media\/11807"}],"wp:attachment":[{"href":"https:\/\/www.europesays.com\/lv\/wp-json\/wp\/v2\/media?parent=11806"}],"wp:term":[{"taxonomy":"category","embeddable":true,"href":"https:\/\/www.europesays.com\/lv\/wp-json\/wp\/v2\/categories?post=11806"},{"taxonomy":"post_tag","embeddable":true,"href":"https:\/\/www.europesays.com\/lv\/wp-json\/wp\/v2\/tags?post=11806"}],"curies":[{"name":"wp","href":"https:\/\/api.w.org\/{rel}","templated":true}]}}