{"id":11812,"date":"2025-10-03T21:53:10","date_gmt":"2025-10-03T21:53:10","guid":{"rendered":"https:\/\/www.europesays.com\/lv\/11812\/"},"modified":"2025-10-03T21:53:10","modified_gmt":"2025-10-03T21:53:10","slug":"benistans-paraksta-ligumu-ar-honda-sr-un-debites-mxgp-motoru-sports-sportacentrs-com","status":"publish","type":"post","link":"https:\/\/www.europesays.com\/lv\/11812\/","title":{"rendered":"Benist\u0101ns paraksta l\u012bgumu ar &#8220;Honda SR&#8221; un debit\u0113s MXGP \u2013 Motoru sports \u2013 Sportacentrs.com"},"content":{"rendered":"<p>P\u0113c 23. dzim\u0161anas dienas Benist\u0101nam, t\u0101pat k\u0101 Horgmo pirms diviem gadiem, n\u0101kas atvad\u012bties no MX2 klases un p\u0101riet uz MXGP, kur vi\u0146\u0161 debit\u0113s ar &#8220;Honda&#8221; r\u016bpn\u012bcas atbalst\u012bto vien\u012bbu.<\/p>\n<p>2018. gad\u0101 Benist\u0101ns k\u013cuva par Eiropas \u010dempionu EMX125 klas\u0113, bet 2020. gad\u0101 triumf\u0113ja ar\u012b EMX250 klas\u0113. MX2 pasaules \u010dempion\u0101t\u0101 vi\u0146\u0161 start\u0113ja kop\u0161 2021. gada, \u0161aj\u0101 laik\u0101 izc\u012bnot  tr\u012bs &#8220;Grand Prix&#8221; uzvaras un fini\u0161\u0113jot pirmaj\u0101 viet\u0101 devi\u0146os braucienos. L\u012bdz \u0161im vi\u0146\u0161 bija &#8220;Yamaha&#8221; r\u016bpn\u012bcas brauc\u0113js, \u0161ogad start\u0113jot vien\u0101 komand\u0101 ar K\u0101rli Albertu Rei\u0161uli.<\/p>\n<p>Jau kop\u0161 pag\u0101ju\u0161\u0101s ziemas Benist\u0101ns tren\u0113jas kop\u0101 ar &#8220;Honda SR&#8221; komandas treneri \u012avu Demarj\u0101 un savu jauno komandas biedru Horgmo. &#8220;P\u0113c tik daudziem gadiem MX2 un &#8220;zilaj\u0101s&#8221; kr\u0101s\u0101s, man bija vajadz\u012bga jauna vide, un tie\u0161i t\u0101p\u0113c izv\u0113l\u0113jos tren\u0113ties ar &#8220;Honda SR&#8221; komandu. Atmosf\u0113ra ir lieliska, un es ar nepaciet\u012bbu gaidu, kad var\u0113\u0161u s\u0113sties pie &#8220;Honda&#8221; st\u016bres savam MXGP startam,&#8221; uzsv\u0113ra sportists.<\/p>\n<p>\u0160ogad Benist\u0101ns uzvar\u0113ja vien\u0101 braucien\u0101, p\u0113d\u0113jos divus posmus savainojuma d\u0113\u013c izlaida, bet MX2 kopv\u0113rt\u0113jum\u0101 bija visaugst\u0101k no &#8220;Yamaha&#8221; komandas brauc\u0113jiem, ie\u0146emot sept\u012bto vietu. Savuk\u0101rt vi\u0146a lab\u0101k\u0101 sezona bija 2022. gad\u0101, kad izdev\u0101s sasniegt piekto vietu kopv\u0113rt\u0113jum\u0101.<\/p>\n<p>Izmantotie resursi:<br \/><a target=\"_blank\" href=\"http:\/\/www.gatedrop.com\" rel=\"nofollow noopener\">GateDrop.com \u2013 Get the jump on Motocross&#8230;<\/a><\/p>\n","protected":false},"excerpt":{"rendered":"P\u0113c 23. dzim\u0161anas dienas Benist\u0101nam, t\u0101pat k\u0101 Horgmo pirms diviem gadiem, n\u0101kas atvad\u012bties no MX2 klases un p\u0101riet&hellip;\n","protected":false},"author":2,"featured_media":11813,"comment_status":"","ping_status":"","sticky":false,"template":"","format":"standard","meta":{"footnotes":""},"categories":[17],"tags":[35,39,38,36,37,34,40,165,67],"class_list":{"0":"post-11812","1":"post","2":"type-post","3":"status-publish","4":"format-standard","5":"has-post-thumbnail","7":"category-sports","8":"tag-latvia","9":"tag-latvian","10":"tag-latviesu","11":"tag-latviesu-valoda","12":"tag-latviesuvaloda","13":"tag-latvija","14":"tag-lv","15":"tag-motoru-sports","16":"tag-sports"},"share_on_mastodon":{"url":"","error":""},"_links":{"self":[{"href":"https:\/\/www.europesays.com\/lv\/wp-json\/wp\/v2\/posts\/11812","targetHints":{"allow":["GET"]}}],"collection":[{"href":"https:\/\/www.europesays.com\/lv\/wp-json\/wp\/v2\/posts"}],"about":[{"href":"https:\/\/www.europesays.com\/lv\/wp-json\/wp\/v2\/types\/post"}],"author":[{"embeddable":true,"href":"https:\/\/www.europesays.com\/lv\/wp-json\/wp\/v2\/users\/2"}],"replies":[{"embeddable":true,"href":"https:\/\/www.europesays.com\/lv\/wp-json\/wp\/v2\/comments?post=11812"}],"version-history":[{"count":0,"href":"https:\/\/www.europesays.com\/lv\/wp-json\/wp\/v2\/posts\/11812\/revisions"}],"wp:featuredmedia":[{"embeddable":true,"href":"https:\/\/www.europesays.com\/lv\/wp-json\/wp\/v2\/media\/11813"}],"wp:attachment":[{"href":"https:\/\/www.europesays.com\/lv\/wp-json\/wp\/v2\/media?parent=11812"}],"wp:term":[{"taxonomy":"category","embeddable":true,"href":"https:\/\/www.europesays.com\/lv\/wp-json\/wp\/v2\/categories?post=11812"},{"taxonomy":"post_tag","embeddable":true,"href":"https:\/\/www.europesays.com\/lv\/wp-json\/wp\/v2\/tags?post=11812"}],"curies":[{"name":"wp","href":"https:\/\/api.w.org\/{rel}","templated":true}]}}