{"id":118152,"date":"2026-01-31T08:37:12","date_gmt":"2026-01-31T08:37:12","guid":{"rendered":"https:\/\/www.europesays.com\/lv\/118152\/"},"modified":"2026-01-31T08:37:12","modified_gmt":"2026-01-31T08:37:12","slug":"pirmo-f1-testu-nedelu-ar-atrako-laiku-nosledz-hamiltons-f1lv-blogs","status":"publish","type":"post","link":"https:\/\/www.europesays.com\/lv\/118152\/","title":{"rendered":"Pirmo F1 testu ned\u0113\u013cu ar \u0101tr\u0101ko laiku nosl\u0113dz Hamiltons : F1LV Blogs"},"content":{"rendered":"<p>Barselonas piekt\u0101 un nosl\u0113dzo\u0161\u0101 F1 testu diena ir nosl\u0113gusies, un liel\u0101kajai da\u013cai komandu \u0161\u012b ir bijusi \u013coti produkt\u012bva ned\u0113\u013ca. \u0160odien tras\u0113 dev\u0101s 12 piloti. Dienas pirmaj\u0101 pus\u0113 \u0101tr\u0101ko rezult\u0101tu uzr\u0101d\u012bja \u0160arls Lekl\u0113rs, bet p\u0113cpusdien\u0101 \u0161\u012bs dienas lab\u0101ko laiku sasniedza otrs \u201cFerrari\u201d pilots Luiss Hamiltons.<\/p>\n<p>Septi\u0146k\u0101rt\u0113jais F1 \u010dempions pa\u0161\u0101 sesijas izska\u0146\u0101 uzmont\u0113ja m\u012bkst\u0101 sast\u0101va riepas un ar \u201cSF-26\u201d modeli nobrauca apli 1 min\u016bt\u0113 un 16,348 sekund\u0113s. \u0160is rezult\u0101ts par desmitda\u013cu uzlaboja vi\u0146a biju\u0161\u0101 komandas biedra D\u017eord\u017ea Rasela iepriek\u0161\u0113j\u0101 dien\u0101 uzst\u0101d\u012bto lati\u0146u. Lai gan ap\u013cu laiki \u0161aj\u0101 stadij\u0101 j\u0101v\u0113rt\u0113 piesardz\u012bgi, Hamiltonam un \u201cFerrari\u201d t\u0101 ir liela iedvesma p\u0113c vil\u0161an\u0101s piln\u0101s 2025. gada sezonas, \u012bpa\u0161i t\u0101p\u0113c, ka jaunais auto darboj\u0101s uzticami un m\u0113roja lielu distanci.<\/p>\n<p>Hamiltons ar \u0101tru apli testu nosl\u0113gum\u0101 no pirm\u0101s poz\u012bcijas izst\u016bma pa\u0161reiz\u0113jo pasaules \u010dempionu Lando Norisu, kur\u0161 liel\u0101ko p\u0113cpusdienas da\u013cu bija vad\u012bb\u0101 ar \u201cMcLaren MCL40\u201d. Ar\u012b Hamiltona komandas biedrs \u0160arls Lekl\u0113rs r\u012bta sesij\u0101 sp\u0113ja \u201ciek\u0101pt\u201d 1:16 robe\u017e\u0101s, dienu nosl\u0113dzot tre\u0161aj\u0101 viet\u0101. \u201cP\u0113rn mums bija slikt\u0101ks testu s\u0101kums, t\u0101p\u0113c, \u0146emot v\u0113r\u0101, ka \u0161ie ir piln\u012bgi jauni noteikumi, viss ir lab\u0101k nek\u0101 pieredz\u0113ts iepriek\u0161,\u201d p\u0113c pirmajiem braucieniem saus\u0101 tras\u0113 atzina Hamiltons, pau\u017eot gandar\u012bjumu par r\u016bpn\u012bcas paveikto darbu.<\/p>\n<p>Savuk\u0101rt Makss Verstapens beidzot var\u0113ja atgriezties pie darba \u201cRed Bull\u201d sast\u0101v\u0101. Komanda izlaida ceturto testu dienu, gaidot rezerves da\u013cas p\u0113c \u012azaka Had\u017e\u0101ra av\u0101rijas otrdien\u0101. \u010cetrk\u0101rt\u0113jais pasaules \u010dempions r\u012bta pus\u0113 piedz\u012bvoja nelielu izbrauk\u0161anu no trases desmitaj\u0101 l\u012bkum\u0101, ta\u010du \u0101tri atguv\u0101s un dienu nosl\u0113dza piektaj\u0101 viet\u0101.<\/p>\n<p>Kopum\u0101 Barselonas piecu dienu shakedown sl\u0113gtie testi ir devu\u0161i komand\u0101m nepiecie\u0161amos datus pirms do\u0161an\u0101s uz ofici\u0101lajiem testiem Bahrein\u0101. Lai gan \u0161obr\u012bd v\u0113l ir p\u0101ragri izdar\u012bt secin\u0101jumus, pagaid\u0101m izskat\u0101s, ka \u201clielais \u010detrinieks\u201d var\u0113tu b\u016bt tiku\u0161i vist\u0101l\u0101k savu jauno ma\u0161\u012bnu att\u012bst\u012b\u0161an\u0101 \u2013 \u201cMercedes\u201d, \u201cFerrari\u201d, \u201cMcLaren\u201d un \u201cRed Bull\u201d testi v\u0113rt\u0113jami k\u0101 visnota\u013c izdevu\u0161ies.<\/p>\n<p>Barselonas F1 testu piekt\u0101s dienas neofici\u0101lie rezult\u0101ti:<\/p>\n<tr>\n<td>Vieta<\/td>\n<td>Pilots<\/td>\n<td>Ma\u0161\u012bna<\/td>\n<td>Ap\u013ci<\/td>\n<td>Rezult\u0101ts<\/td>\n<\/tr>\n<tr>\n<td>1.<\/td>\n<td>Lewis Hamilton<\/td>\n<td>Ferrari<\/td>\n<td>63<\/td>\n<td>1:16.348<\/td>\n<\/tr>\n<tr>\n<td>2.<\/td>\n<td>Lando Norris<\/td>\n<td>McLaren-Mercedes<\/td>\n<td>83<\/td>\n<td>+0.246<\/td>\n<\/tr>\n<tr>\n<td>3.<\/td>\n<td>Charles Leclerc<\/td>\n<td>Ferrari<\/td>\n<td>78<\/td>\n<td>+0.305<\/td>\n<\/tr>\n<tr>\n<td>4.<\/td>\n<td>Oscar Piastri<\/td>\n<td>McLaren-Mercedes<\/td>\n<td>80<\/td>\n<td>+1.098<\/td>\n<\/tr>\n<tr>\n<td>5.<\/td>\n<td>Max Verstappen<\/td>\n<td>Red Bull-RBPT Ford<\/td>\n<td>118<\/td>\n<td>+1.238<\/td>\n<\/tr>\n<tr>\n<td>6.<\/td>\n<td>Pierre Gasly<\/td>\n<td>Alpine-Mercedes<\/td>\n<td>160<\/td>\n<td>+1.359<\/td>\n<\/tr>\n<tr>\n<td>7.<\/td>\n<td>Esteban Ocon<\/td>\n<td>Haas-Ferrari<\/td>\n<td>85<\/td>\n<td>+2.045<\/td>\n<\/tr>\n<tr>\n<td>8.<\/td>\n<td>Oliver Bearman<\/td>\n<td>Haas-Ferrari<\/td>\n<td>106<\/td>\n<td>+2.075<\/td>\n<\/tr>\n<tr>\n<td>9.<\/td>\n<td>Nico Hulkenberg<\/td>\n<td>Audi<\/td>\n<td>78<\/td>\n<td>+3.522<\/td>\n<\/tr>\n<tr>\n<td>10.<\/td>\n<td>Gabriel Bortoleto<\/td>\n<td>Audi<\/td>\n<td>66<\/td>\n<td>+3.831<\/td>\n<\/tr>\n<tr>\n<td>11.<\/td>\n<td>Fernando Alonso<\/td>\n<td>Aston Martin-Mercedes<\/td>\n<td>49<\/td>\n<td>+4.447<\/td>\n<\/tr>\n<tr>\n<td>12.<\/td>\n<td>Valtteri Bottas<\/td>\n<td>Cadillac-Ferrari<\/td>\n<td>54<\/td>\n<td>+4.572<\/td>\n<\/tr>\n<p><a href=\"https:\/\/www.patreon.com\/collection\/823319\" rel=\"nofollow noopener\" target=\"_blank\"><img loading=\"lazy\" decoding=\"async\" class=\"aligncenter size-full wp-image-74708\" src=\"https:\/\/www.europesays.com\/lv\/wp-content\/uploads\/2026\/01\/Banner300x250px.jpg\" alt=\"\" width=\"300\" height=\"250\"\/><\/a><\/p>\n","protected":false},"excerpt":{"rendered":"Barselonas piekt\u0101 un nosl\u0113dzo\u0161\u0101 F1 testu diena ir nosl\u0113gusies, un liel\u0101kajai da\u013cai komandu \u0161\u012b ir bijusi \u013coti produkt\u012bva&hellip;\n","protected":false},"author":2,"featured_media":118153,"comment_status":"","ping_status":"","sticky":false,"template":"","format":"standard","meta":{"footnotes":"","_share_on_mastodon":"0"},"categories":[17],"tags":[26311,4178,35,39,38,36,37,34,12737,40,67],"class_list":["post-118152","post","type-post","status-publish","format-standard","has-post-thumbnail","category-sports","tag-f1-testi","tag-ferrari","tag-latvia","tag-latvian","tag-latviesu","tag-latviesu-valoda","tag-latviesuvaloda","tag-latvija","tag-luiss-hamiltons","tag-lv","tag-sports"],"share_on_mastodon":{"url":"https:\/\/pubeurope.com\/@lv\/115988807195406893","error":""},"_links":{"self":[{"href":"https:\/\/www.europesays.com\/lv\/wp-json\/wp\/v2\/posts\/118152","targetHints":{"allow":["GET"]}}],"collection":[{"href":"https:\/\/www.europesays.com\/lv\/wp-json\/wp\/v2\/posts"}],"about":[{"href":"https:\/\/www.europesays.com\/lv\/wp-json\/wp\/v2\/types\/post"}],"author":[{"embeddable":true,"href":"https:\/\/www.europesays.com\/lv\/wp-json\/wp\/v2\/users\/2"}],"replies":[{"embeddable":true,"href":"https:\/\/www.europesays.com\/lv\/wp-json\/wp\/v2\/comments?post=118152"}],"version-history":[{"count":0,"href":"https:\/\/www.europesays.com\/lv\/wp-json\/wp\/v2\/posts\/118152\/revisions"}],"wp:featuredmedia":[{"embeddable":true,"href":"https:\/\/www.europesays.com\/lv\/wp-json\/wp\/v2\/media\/118153"}],"wp:attachment":[{"href":"https:\/\/www.europesays.com\/lv\/wp-json\/wp\/v2\/media?parent=118152"}],"wp:term":[{"taxonomy":"category","embeddable":true,"href":"https:\/\/www.europesays.com\/lv\/wp-json\/wp\/v2\/categories?post=118152"},{"taxonomy":"post_tag","embeddable":true,"href":"https:\/\/www.europesays.com\/lv\/wp-json\/wp\/v2\/tags?post=118152"}],"curies":[{"name":"wp","href":"https:\/\/api.w.org\/{rel}","templated":true}]}}