{"id":11832,"date":"2025-10-03T22:46:09","date_gmt":"2025-10-03T22:46:09","guid":{"rendered":"https:\/\/www.europesays.com\/lv\/11832\/"},"modified":"2025-10-03T22:46:09","modified_gmt":"2025-10-03T22:46:09","slug":"sonam-didijam-kombsam-ar-prostituciju-saistita-lieta-piespriez-cetrus-gadus-cietuma","status":"publish","type":"post","link":"https:\/\/www.europesays.com\/lv\/11832\/","title":{"rendered":"\u0160onam &#8220;Didijam&#8221; Kombsam ar prostit\u016bciju saist\u012bt\u0101 liet\u0101 piesprie\u017e \u010detrus gadus cietum\u0101"},"content":{"rendered":"<p>\u0160onam &#8220;Didijam&#8221; Kombsam par diviem gad\u012bjumiem saist\u012bb\u0101 ar transport\u0113\u0161anu prostit\u016bcijas nol\u016bkos <a rel=\"noopener nofollow\" target=\"_blank\" href=\"https:\/\/www.delfi.lv\/temas\/44182985\/tiesa\" tag-id=\"44182985\">tiesa<\/a> piektdien piesprieda 50 m\u0113ne\u0161u jeb nedaudz vair\u0101k k\u0101 \u010detru gadu cietumsodu, v\u0113sta CNN. <\/p>\n<p class=\"m-0\">Seko &#8220;Delfi&#8221; ar\u012b  <a target=\"_blank\" href=\"https:\/\/www.instagram.com\/delfi.lv\/\" rel=\"nofollow noopener\">Instagram<\/a>  un <a target=\"_blank\" href=\"https:\/\/www.youtube.com\/channel\/UCw5foWtcJvAbUm64rv7jwUQ\" rel=\"nofollow noopener\">YouTube<\/a>  profil\u0101 \u2013 pievienojies, lai uzzin\u0101tu svar\u012bg\u0101ko un interesant\u0101ko pirmais!<\/p>\n<p>Publik\u0101cijas saturs vai t\u0101s jebk\u0101da apjoma da\u013ca ir aizsarg\u0101ts autorties\u012bbu objekts Autorties\u012bbu likuma izpratn\u0113, un t\u0101 izmanto\u0161ana bez izdev\u0113ja at\u013caujas ir aizliegta. Vair\u0101k lasi  <a target=\"_blank\" href=\"https:\/\/www.delfi.lv\/noteikumi#autortiesibas\" rel=\"nofollow noopener\">\u0161eit<\/a><script async src=\"\/\/www.instagram.com\/embed.js\"><\/script><\/p>\n","protected":false},"excerpt":{"rendered":"\u0160onam &#8220;Didijam&#8221; Kombsam par diviem gad\u012bjumiem saist\u012bb\u0101 ar transport\u0113\u0161anu prostit\u016bcijas nol\u016bkos tiesa piektdien piesprieda 50 m\u0113ne\u0161u jeb nedaudz&hellip;\n","protected":false},"author":2,"featured_media":11833,"comment_status":"","ping_status":"","sticky":false,"template":"","format":"standard","meta":{"footnotes":""},"categories":[19],"tags":[292,89,90,35,39,38,36,37,34,40,375],"class_list":{"0":"post-11832","1":"post","2":"type-post","3":"status-publish","4":"format-standard","5":"has-post-thumbnail","7":"category-izklaide","8":"tag-asv","9":"tag-entertainment","10":"tag-izklaide","11":"tag-latvia","12":"tag-latvian","13":"tag-latviesu","14":"tag-latviesu-valoda","15":"tag-latviesuvaloda","16":"tag-latvija","17":"tag-lv","18":"tag-tiesa"},"share_on_mastodon":{"url":"","error":""},"_links":{"self":[{"href":"https:\/\/www.europesays.com\/lv\/wp-json\/wp\/v2\/posts\/11832","targetHints":{"allow":["GET"]}}],"collection":[{"href":"https:\/\/www.europesays.com\/lv\/wp-json\/wp\/v2\/posts"}],"about":[{"href":"https:\/\/www.europesays.com\/lv\/wp-json\/wp\/v2\/types\/post"}],"author":[{"embeddable":true,"href":"https:\/\/www.europesays.com\/lv\/wp-json\/wp\/v2\/users\/2"}],"replies":[{"embeddable":true,"href":"https:\/\/www.europesays.com\/lv\/wp-json\/wp\/v2\/comments?post=11832"}],"version-history":[{"count":0,"href":"https:\/\/www.europesays.com\/lv\/wp-json\/wp\/v2\/posts\/11832\/revisions"}],"wp:featuredmedia":[{"embeddable":true,"href":"https:\/\/www.europesays.com\/lv\/wp-json\/wp\/v2\/media\/11833"}],"wp:attachment":[{"href":"https:\/\/www.europesays.com\/lv\/wp-json\/wp\/v2\/media?parent=11832"}],"wp:term":[{"taxonomy":"category","embeddable":true,"href":"https:\/\/www.europesays.com\/lv\/wp-json\/wp\/v2\/categories?post=11832"},{"taxonomy":"post_tag","embeddable":true,"href":"https:\/\/www.europesays.com\/lv\/wp-json\/wp\/v2\/tags?post=11832"}],"curies":[{"name":"wp","href":"https:\/\/api.w.org\/{rel}","templated":true}]}}