{"id":118703,"date":"2026-02-01T00:39:16","date_gmt":"2026-02-01T00:39:16","guid":{"rendered":"https:\/\/www.europesays.com\/lv\/118703\/"},"modified":"2026-02-01T00:39:16","modified_gmt":"2026-02-01T00:39:16","slug":"pabeigta-izmeklesana-par-kengaraga-uz-ielas-atstato-zidaini-2","status":"publish","type":"post","link":"https:\/\/www.europesays.com\/lv\/118703\/","title":{"rendered":"pabeigta izmekl\u0113\u0161ana par \u0136engarag\u0101 uz ielas atst\u0101to z\u012bdaini"},"content":{"rendered":"<p>2025. gada 19. augusta r\u012bt\u0101 uz celi\u0146a R\u012bg\u0101, Festiv\u0101la iel\u0101, atrasta seg\u0101 iet\u012bta jaundzimusi meitene, kura tika nodota medi\u0137u apr\u016bp\u0113. B\u0113rna dz\u012bv\u012bbu izdev\u0101s gl\u0101bt.<\/p>\n<p>Pateicoties iedz\u012bvot\u0101ju iesaistei, 21. august\u0101 <a href=\"https:\/\/www.tvnet.lv\/term\/565901\/policija\" class=\"topicLink\" target=\"_blank\" rel=\"nofollow noopener\">policija<\/a> aiztur\u0113ja 2003. gad\u0101 dzimu\u0161u Moldovas pilsoni un tiesa vi\u0146ai k\u0101 dro\u0161\u012bbas l\u012bdzekli piem\u0113roja apcietin\u0101jumu.<\/p>\n<p>Izmekl\u0113\u0161anas laik\u0101 noskaidrots, ka 19. august\u0101 m\u0101jas apst\u0101k\u013cos vannasistab\u0101 sieviete dzemd\u0113jusi z\u012bdaini, nezi\u0146ojot par to Neatliekam\u0101s medic\u012bnisk\u0101s pal\u012bdz\u012bbas dienestam un nesniedzot jaundzimu\u0161ajam nepiecie\u0161amo prim\u0101ro apr\u016bpi.<\/p>\n<p>Teju stundu v\u0113l\u0101k sieviete ietinusi z\u012bdaini seg\u0101 un aiznesusi jaundzimu\u0161o, atst\u0101jot vi\u0146u uz celi\u0146a starp priv\u0101tm\u0101j\u0101m Festiv\u0101la iel\u0101. P\u0113c jaundzimu\u0161\u0101 pame\u0161anas sieviete atgriezusies sav\u0101 dz\u012bvesviet\u0101 un par notiku\u0161o nevienam no dienestiem nav zi\u0146ojusi l\u012bdz pat vi\u0146as aiztur\u0113\u0161anas br\u012bdim.<\/p>\n<p>Izmekl\u0113\u0161anas laik\u0101 g\u016btas zi\u0146as, ka sieviete nebija gatava uz\u0146emties atbild\u012bbu un apr\u016bpi par b\u0113rnu, t\u0101d\u0113\u013c vi\u0146u atst\u0101jusi uz ielas.<\/p>\n<blockquote class=\"quote ck-widget\" contenteditable=\"false\">\n<p>Par notiku\u0161o s\u0101kts krimin\u0101lprocess par slepkav\u012bbas m\u0113\u0123in\u0101jumu, vain\u012bgajam apzinoties, ka persona ir bezpal\u012bdz\u012bbas st\u0101vokl\u012b.<\/p>\n<\/blockquote>\n<p>Par \u0161\u0101da noziedz\u012bga nodar\u012bjuma izdar\u012b\u0161anu ir paredz\u0113ts m\u016b\u017ea ieslodz\u012bjums vai br\u012bv\u012bbas at\u0146em\u0161ana no desmit l\u012bdz 20 gadiem ar prob\u0101cijas uzraudz\u012bbu uz laiku l\u012bdz trim gadiem.<\/p>\n<p>Jau zi\u0146ots, ka b\u0113rns nodots aud\u017eu\u0123imenes apr\u016bp\u0113.<\/p>\n<p>Tas, cik jaundzimus\u012b meiten\u012bte ilgi atrad\u012bsies pie aud\u017eu\u0123imenes, b\u016bs atkar\u012bgs no lietas t\u0101l\u0101k\u0101s izmekl\u0113\u0161anas, kur\u0101 ar\u012b tiks noskaidrots, vai mazulis b\u016bs juridiski br\u012bvs.<\/p>\n","protected":false},"excerpt":{"rendered":"2025. gada 19. augusta r\u012bt\u0101 uz celi\u0146a R\u012bg\u0101, Festiv\u0101la iel\u0101, atrasta seg\u0101 iet\u012bta jaundzimusi meitene, kura tika nodota&hellip;\n","protected":false},"author":2,"featured_media":117532,"comment_status":"","ping_status":"","sticky":false,"template":"","format":"standard","meta":{"footnotes":""},"categories":[12],"tags":[23,28,29,32,33,22,30,31,35,39,38,36,37,34,40,20,163,26,27,24,25,138,21],"class_list":{"0":"post-118703","1":"post","2":"type-post","3":"status-publish","4":"format-standard","5":"has-post-thumbnail","7":"category-latvija","8":"tag-aktualitates","9":"tag-breaking-news","10":"tag-breakingnews","11":"tag-featured-news","12":"tag-featurednews","13":"tag-headlines","14":"tag-latest-news","15":"tag-latestnews","16":"tag-latvia","17":"tag-latvian","18":"tag-latviesu","19":"tag-latviesu-valoda","20":"tag-latviesuvaloda","21":"tag-latvija","22":"tag-lv","23":"tag-news","24":"tag-policija","25":"tag-popularakas-zinas","26":"tag-popularakaszinas","27":"tag-top-stories","28":"tag-topstories","29":"tag-valsts-policija","30":"tag-zinas"},"share_on_mastodon":{"url":"https:\/\/pubeurope.com\/@lv\/115992589907873994","error":""},"_links":{"self":[{"href":"https:\/\/www.europesays.com\/lv\/wp-json\/wp\/v2\/posts\/118703","targetHints":{"allow":["GET"]}}],"collection":[{"href":"https:\/\/www.europesays.com\/lv\/wp-json\/wp\/v2\/posts"}],"about":[{"href":"https:\/\/www.europesays.com\/lv\/wp-json\/wp\/v2\/types\/post"}],"author":[{"embeddable":true,"href":"https:\/\/www.europesays.com\/lv\/wp-json\/wp\/v2\/users\/2"}],"replies":[{"embeddable":true,"href":"https:\/\/www.europesays.com\/lv\/wp-json\/wp\/v2\/comments?post=118703"}],"version-history":[{"count":0,"href":"https:\/\/www.europesays.com\/lv\/wp-json\/wp\/v2\/posts\/118703\/revisions"}],"wp:featuredmedia":[{"embeddable":true,"href":"https:\/\/www.europesays.com\/lv\/wp-json\/wp\/v2\/media\/117532"}],"wp:attachment":[{"href":"https:\/\/www.europesays.com\/lv\/wp-json\/wp\/v2\/media?parent=118703"}],"wp:term":[{"taxonomy":"category","embeddable":true,"href":"https:\/\/www.europesays.com\/lv\/wp-json\/wp\/v2\/categories?post=118703"},{"taxonomy":"post_tag","embeddable":true,"href":"https:\/\/www.europesays.com\/lv\/wp-json\/wp\/v2\/tags?post=118703"}],"curies":[{"name":"wp","href":"https:\/\/api.w.org\/{rel}","templated":true}]}}