{"id":118706,"date":"2026-02-01T00:45:10","date_gmt":"2026-02-01T00:45:10","guid":{"rendered":"https:\/\/www.europesays.com\/lv\/118706\/"},"modified":"2026-02-01T00:45:10","modified_gmt":"2026-02-01T00:45:10","slug":"sistema-baidas-no-domajosa-cilveka-ugis-kugis-par-talmacibas-un-majmacibas-ierobezosanu","status":"publish","type":"post","link":"https:\/\/www.europesays.com\/lv\/118706\/","title":{"rendered":"\u201cSist\u0113ma baid\u0101s no dom\u0101jo\u0161a cilv\u0113ka,\u201d U\u0123is Ku\u0123is par t\u0101lm\u0101c\u012bbas un m\u0101jm\u0101c\u012bbas ierobe\u017eo\u0161anu"},"content":{"rendered":"<p>    <img decoding=\"async\" src=\"https:\/\/www.europesays.com\/lv\/wp-content\/uploads\/2025\/10\/Ugis-Kugis-1-1024x682.png\" alt=\"&#10;\"\/><\/p>\n<p>FOTO: Ekr\u0101nuz\u0146\u0113mums no video\n<\/p>\n<p>21:04, 31. janv\u0101ris 2026<\/p>\n<p>Jau iepriek\u0161 v\u0113st\u012bj\u0101m, ka Valsts prezidents Edgars Rink\u0113vi\u010ds nos\u016bt\u012bjis Saeimai otrreiz\u0113jai caurl\u016bko\u0161anai groz\u012bjumus Izgl\u012bt\u012bbas likum\u0101, kas paredz b\u016btiski ierobe\u017eot t\u0101lm\u0101c\u012bbas pieejam\u012bbu pamatizgl\u012bt\u012bbas pirmaj\u0101 posm\u0101 \u2013 1. l\u012bdz 6. klases skol\u0113niem.<\/p>\n<p>        Las\u012bt\u0101kie<br \/>\n        <a data-imagesrc=\"{&quot;300&quot;:&quot;https:\\\/\\\/lastatic.ams3.cdn.digitaloceanspaces.com\\\/2024\\\/01\\\/afp_33ca44c-1-300x167.jpg&quot;,&quot;768&quot;:&quot;https:\\\/\\\/lastatic.ams3.cdn.digitaloceanspaces.com\\\/2024\\\/01\\\/afp_33ca44c-1-768x427.jpg&quot;,&quot;200&quot;:&quot;https:\\\/\\\/lastatic.ams3.cdn.digitaloceanspaces.com\\\/2024\\\/01\\\/afp_33ca44c-1-200x111.jpg&quot;,&quot;400&quot;:&quot;https:\\\/\\\/lastatic.ams3.cdn.digitaloceanspaces.com\\\/2024\\\/01\\\/afp_33ca44c-1-400x222.jpg&quot;,&quot;500&quot;:&quot;https:\\\/\\\/lastatic.ams3.cdn.digitaloceanspaces.com\\\/2024\\\/01\\\/afp_33ca44c-1-500x278.jpg&quot;,&quot;800&quot;:&quot;https:\\\/\\\/lastatic.ams3.cdn.digitaloceanspaces.com\\\/2024\\\/01\\\/afp_33ca44c-1-800x445.jpg&quot;,&quot;1000&quot;:&quot;https:\\\/\\\/lastatic.ams3.cdn.digitaloceanspaces.com\\\/2024\\\/01\\\/afp_33ca44c-1.jpg&quot;}\" data-focuspoint=\"&quot;&quot;\" data-p=\"2503205\" href=\"https:\/\/www.la.lv\/kinas-raketes-zhuque-3-atluzas-ir-nokritusas-fakts-kur-tas-ir-noticis-latviesiem-liek-pasmaidit\" class=\"content-item lazy-load\" wp_automatic_readability=\"27.5\" rel=\"nofollow noopener\" target=\"_blank\"><\/p>\n<p>                                <img decoding=\"async\" src=\"\" alt=\"\" style=\"\" data-imageid=\"\"\/><\/p>\n<p>\n                                                \u0136\u012bnas ra\u0137etes \u201cZhuque-3\u201d atl\u016bzas ir nokritu\u0161as \u2013 fakts, kur tas ir noticis, latvie\u0161iem liek pasmaid\u012bt\n                            <\/p>\n<p><\/a><a data-imagesrc=\"{&quot;300&quot;:&quot;https:\\\/\\\/lastatic.ams3.cdn.digitaloceanspaces.com\\\/2025\\\/07\\\/nauda-300x200.png&quot;,&quot;1024&quot;:&quot;https:\\\/\\\/lastatic.ams3.cdn.digitaloceanspaces.com\\\/2025\\\/07\\\/nauda-1024x683.png&quot;,&quot;768&quot;:&quot;https:\\\/\\\/lastatic.ams3.cdn.digitaloceanspaces.com\\\/2025\\\/07\\\/nauda-768x512.png&quot;,&quot;200&quot;:&quot;https:\\\/\\\/lastatic.ams3.cdn.digitaloceanspaces.com\\\/2025\\\/07\\\/nauda-200x133.png&quot;,&quot;400&quot;:&quot;https:\\\/\\\/lastatic.ams3.cdn.digitaloceanspaces.com\\\/2025\\\/07\\\/nauda-400x267.png&quot;,&quot;500&quot;:&quot;https:\\\/\\\/lastatic.ams3.cdn.digitaloceanspaces.com\\\/2025\\\/07\\\/nauda-500x333.png&quot;,&quot;800&quot;:&quot;https:\\\/\\\/lastatic.ams3.cdn.digitaloceanspaces.com\\\/2025\\\/07\\\/nauda-800x533.png&quot;,&quot;1000&quot;:&quot;https:\\\/\\\/lastatic.ams3.cdn.digitaloceanspaces.com\\\/2025\\\/07\\\/nauda-1000x667.png&quot;,&quot;1536&quot;:&quot;https:\\\/\\\/lastatic.ams3.cdn.digitaloceanspaces.com\\\/2025\\\/07\\\/nauda.png&quot;}\" data-focuspoint=\"&quot;&quot;\" data-p=\"2502767\" href=\"https:\/\/www.la.lv\/veiksme-finansu-jautajumos-so-tris-zodiaka-zimju-parstavji-drizuma-sajutis-liktena-dasnumu\" class=\"content-item lazy-load\" wp_automatic_readability=\"26.5\" rel=\"nofollow noopener\" target=\"_blank\"><\/p>\n<p>                                <img decoding=\"async\" src=\"\" alt=\"\" style=\"\" data-imageid=\"\"\/><\/p>\n<p>                                Kokteilis<\/p>\n<p>\n                                                Veiksme finan\u0161u jaut\u0101jumos: \u0161o tr\u012bs zodiaka z\u012bmju p\u0101rst\u0101vji dr\u012bzum\u0101 sajut\u012bs likte\u0146a d\u0101snumu\n                            <\/p>\n<p><\/a><a data-imagesrc=\"{&quot;300&quot;:&quot;https:\\\/\\\/lastatic.ams3.cdn.digitaloceanspaces.com\\\/2026\\\/01\\\/cap-rsmmpiadmfs191026-74-modified-300x200.jpg&quot;,&quot;1024&quot;:&quot;https:\\\/\\\/lastatic.ams3.cdn.digitaloceanspaces.com\\\/2026\\\/01\\\/cap-rsmmpiadmfs191026-74-modified-1024x683.jpg&quot;,&quot;1536&quot;:&quot;https:\\\/\\\/lastatic.ams3.cdn.digitaloceanspaces.com\\\/2026\\\/01\\\/cap-rsmmpiadmfs191026-74-modified-1536x1024.jpg&quot;,&quot;500&quot;:&quot;https:\\\/\\\/lastatic.ams3.cdn.digitaloceanspaces.com\\\/2026\\\/01\\\/cap-rsmmpiadmfs191026-74-modified-500x333.jpg&quot;,&quot;800&quot;:&quot;https:\\\/\\\/lastatic.ams3.cdn.digitaloceanspaces.com\\\/2026\\\/01\\\/cap-rsmmpiadmfs191026-74-modified-800x533.jpg&quot;,&quot;2560&quot;:&quot;https:\\\/\\\/lastatic.ams3.cdn.digitaloceanspaces.com\\\/2026\\\/01\\\/cap-rsmmpiadmfs191026-74-modified-scaled.jpg&quot;}\" data-focuspoint=\"&quot;&quot;\" data-p=\"2503181\" href=\"https:\/\/www.la.lv\/911-audioieraksti-atklaj-ar-kadam-problemam-pirms-naves-saskaras-viens-pats-majas-zvaigzne-ketrina-ohara\" class=\"content-item lazy-load\" wp_automatic_readability=\"27\" rel=\"nofollow noopener\" target=\"_blank\"><\/p>\n<p>                                <img decoding=\"async\" src=\"\" alt=\"\" style=\"\" data-imageid=\"\"\/><\/p>\n<p>\n                                                911 audioieraksti atkl\u0101j, ar k\u0101d\u0101m probl\u0113m\u0101m pirms n\u0101ves sask\u0101r\u0101s \u201cViens pats m\u0101j\u0101s\u201d zvaigzne Ketrina O\u2019Hara\n                            <\/p>\n<p><\/a><br \/>\n        <a class=\"read-more\" href=\"https:\/\/www.la.lv\/top\" rel=\"nofollow noopener\" target=\"_blank\">Las\u012bt citas zi\u0146as<\/a><\/p>\n<p>Prezidents nor\u0101da, ka, iepaz\u012bstoties ar likuma tekstu, t\u0101 sagatavo\u0161anas materi\u0101liem un iesniegumu par likuma otrreiz\u0113jo caurl\u016bko\u0161anu izskat\u012b\u0161anai velt\u012btaj\u0101 san\u0101ksm\u0113 paustajiem viedok\u013ciem, ir atzin\u012bgi v\u0113rt\u0113jama likumdev\u0113ja iz\u0161\u0137ir\u0161an\u0101s spert m\u0113r\u0137tiec\u012bgus so\u013cus izgl\u012bt\u012bbas kvalit\u0101tes uzlabo\u0161anai. T\u0101pat pozit\u012bvi v\u0113rt\u0113jama Izgl\u012bt\u012bbas likum\u0101 lietoto terminu preciz\u0113\u0161ana izgl\u012bt\u012bbas ieguves formu apz\u012bm\u0113\u0161anai, m\u0101c\u012bbu proces\u0101 iesaist\u012bto pu\u0161u, ar\u012b vec\u0101ku, atbild\u012bbas un sadarb\u012bbas principu preciz\u0113\u0161ana, k\u0101 ar\u012b Ministru kabinetam (MK) dotais uzdevums noteikt skaidr\u0101kas un vienotas izgl\u012bt\u012bbas kvalit\u0101tes pras\u012bbas t\u0101lm\u0101c\u012bbai.<\/p>\n<p>Ar\u012b kri\u0161na\u012bts U\u0123is Ku\u0123is soci\u0101laj\u0101 t\u012bkl\u0101 \u201cFacebook\u201d public\u0113jis savu skat\u012bjumu par t\u0101lm\u0101c\u012bbas un m\u0101jm\u0101c\u012bbas ierobe\u017eo\u0161anu, nor\u0101dot, ka t\u0101lm\u0101c\u012bba un m\u0101jm\u0101c\u012bba nav b\u0113g\u0161ana no izgl\u012bt\u012bbas, bet gan b\u0113g\u0161ana no bezdv\u0113seliskas fabrikas, kur b\u0113rns tiek m\u0113r\u012bts p\u0113c testiem, nevis p\u0113c sapratnes, rakstura un iek\u0161\u0113j\u0101s motiv\u0101cijas. L\u016bk, ko par \u0161o dom\u0101 U\u0123is:<\/p>\n<p>    CITI \u0160OBR\u012aD LASA<\/p>\n<p>\u201cT\u0101lm\u0101c\u012bbas un m\u0101jm\u0101c\u012bbas ierobe\u017eo\u0161ana \u2013 bailes no br\u012bva cilv\u0113ka. Kad valsts s\u0101k ierobe\u017eot t\u0101lm\u0101c\u012bbu un m\u0101jm\u0101c\u012bbu, tas nav st\u0101sts par b\u0113rniem. Tas ir st\u0101sts par kontroli.<\/p>\n<p>Sist\u0113ma nebaid\u0101s no nezin\u0101\u0161anas. Sist\u0113ma baid\u0101s no dom\u0101jo\u0161a cilv\u0113ka, kuru t\u0101 nevar ies\u0113din\u0101t rind\u0101, sal\u012bdzin\u0101t p\u0113c vienas skalas un audzin\u0101t p\u0113c vienas veidnes. T\u0101lm\u0101c\u012bba un m\u0101jm\u0101c\u012bba nav b\u0113g\u0161ana no izgl\u012bt\u012bbas. T\u0101 ir b\u0113g\u0161ana no bezdv\u0113seliskas fabrikas, kur b\u0113rns tiek m\u0113r\u012bts p\u0113c testiem, nevis p\u0113c sapratnes, rakstura un iek\u0161\u0113j\u0101s motiv\u0101cijas.<\/p>\n<p>Kad valsts saka: \u201cM\u0113s lab\u0101k zin\u0101m, k\u0101 tavs b\u0113rns j\u0101m\u0101ca\u201d, t\u0101 paties\u012bb\u0101 saka: \u201cM\u0113s tev neuzticamies.\u201d<\/p>\n<p>Ne vec\u0101kiem. Ne b\u0113rniem. Ne br\u012bv\u012bbai.<\/p>\n<p>Viegl\u0101k ir aizliegt, nek\u0101 uzlabot. Viegl\u0101k ir piespiest, nek\u0101 uz\u0146emties atbild\u012bbu par sist\u0113mas kvalit\u0101ti. Viegl\u0101k ir c\u012bn\u012bties ar m\u0101jm\u0101c\u012bbu, nek\u0101 atz\u012bt, ka da\u013ca skolu nesp\u0113j iedvesmot, pasarg\u0101t un izgl\u012btot. B\u0113rni nav valsts \u012bpa\u0161ums. Vi\u0146i nav statistikas vien\u012bbas. Vi\u0146i nav projekts ar KPI. Iesp\u0113ja nopeln\u012bt vai tais\u012bt n\u0101kamo v\u0113l\u0113\u0161anu kampa\u0146as akciju.<\/p>\n<p>Vec\u0101ki, kuri izv\u0113las m\u0101jm\u0101c\u012bbu vai t\u0101lm\u0101c\u012bbu, neatsak\u0101s no pien\u0101kumiem. Vi\u0146i tos uz\u0146emas piln\u0101 apjom\u0101 \u2013 bez attaisnojumiem, bez vainas novel\u0161anas uz sist\u0113mu. Un tie\u0161i tas bied\u0113 visvair\u0101k. Jo cilv\u0113ks, kur\u0161 pats dom\u0101, pats m\u0101ca un pats audzina, k\u013c\u016bst ne\u0113rts.<\/p>\n<p>Sabiedr\u012bbai nav vajadz\u012bgi vien\u0101di b\u0113rni. Tai vajadz\u012bgi sp\u0113c\u012bgi, dom\u0101jo\u0161i, atbild\u012bgi cilv\u0113ki. Ierobe\u017eojot m\u0101jm\u0101c\u012bbu un t\u0101lm\u0101c\u012bbu, valsts ner\u016bp\u0113jas par izgl\u012bt\u012bbu. T\u0101 sarg\u0101 savu komfortu.<\/p>\n<p>Un katru reizi, kad br\u012bv\u012bbu nosauc par \u201crisku\u201d, k\u0101ds b\u0113rns iem\u0101c\u0101s vienu \u013coti b\u012bstamu lietu: ka paklaus\u012bba ir svar\u012bg\u0101ka par dom\u0101\u0161anu.\u201d<\/p>\n<p>T\u0113mas<\/p>\n<p>    SAIST\u012aTIE RAKSTI<\/p>\n","protected":false},"excerpt":{"rendered":"FOTO: Ekr\u0101nuz\u0146\u0113mums no video 21:04, 31. janv\u0101ris 2026 Jau iepriek\u0161 v\u0113st\u012bj\u0101m, ka Valsts prezidents Edgars Rink\u0113vi\u010ds nos\u016bt\u012bjis Saeimai&hellip;\n","protected":false},"author":2,"featured_media":118707,"comment_status":"","ping_status":"","sticky":false,"template":"","format":"standard","meta":{"footnotes":""},"categories":[12],"tags":[23,28,29,32,33,22,30,31,35,39,38,36,37,34,40,20,26,27,24,25,21],"class_list":{"0":"post-118706","1":"post","2":"type-post","3":"status-publish","4":"format-standard","5":"has-post-thumbnail","7":"category-latvija","8":"tag-aktualitates","9":"tag-breaking-news","10":"tag-breakingnews","11":"tag-featured-news","12":"tag-featurednews","13":"tag-headlines","14":"tag-latest-news","15":"tag-latestnews","16":"tag-latvia","17":"tag-latvian","18":"tag-latviesu","19":"tag-latviesu-valoda","20":"tag-latviesuvaloda","21":"tag-latvija","22":"tag-lv","23":"tag-news","24":"tag-popularakas-zinas","25":"tag-popularakaszinas","26":"tag-top-stories","27":"tag-topstories","28":"tag-zinas"},"share_on_mastodon":{"url":"https:\/\/pubeurope.com\/@lv\/115992613648941552","error":""},"_links":{"self":[{"href":"https:\/\/www.europesays.com\/lv\/wp-json\/wp\/v2\/posts\/118706","targetHints":{"allow":["GET"]}}],"collection":[{"href":"https:\/\/www.europesays.com\/lv\/wp-json\/wp\/v2\/posts"}],"about":[{"href":"https:\/\/www.europesays.com\/lv\/wp-json\/wp\/v2\/types\/post"}],"author":[{"embeddable":true,"href":"https:\/\/www.europesays.com\/lv\/wp-json\/wp\/v2\/users\/2"}],"replies":[{"embeddable":true,"href":"https:\/\/www.europesays.com\/lv\/wp-json\/wp\/v2\/comments?post=118706"}],"version-history":[{"count":0,"href":"https:\/\/www.europesays.com\/lv\/wp-json\/wp\/v2\/posts\/118706\/revisions"}],"wp:featuredmedia":[{"embeddable":true,"href":"https:\/\/www.europesays.com\/lv\/wp-json\/wp\/v2\/media\/118707"}],"wp:attachment":[{"href":"https:\/\/www.europesays.com\/lv\/wp-json\/wp\/v2\/media?parent=118706"}],"wp:term":[{"taxonomy":"category","embeddable":true,"href":"https:\/\/www.europesays.com\/lv\/wp-json\/wp\/v2\/categories?post=118706"},{"taxonomy":"post_tag","embeddable":true,"href":"https:\/\/www.europesays.com\/lv\/wp-json\/wp\/v2\/tags?post=118706"}],"curies":[{"name":"wp","href":"https:\/\/api.w.org\/{rel}","templated":true}]}}