{"id":11872,"date":"2025-10-04T00:39:10","date_gmt":"2025-10-04T00:39:10","guid":{"rendered":"https:\/\/www.europesays.com\/lv\/11872\/"},"modified":"2025-10-04T00:39:10","modified_gmt":"2025-10-04T00:39:10","slug":"brigitas-eglites-jubileja-bez-maksas-pieejamas-vairakas-rezisores-filmas","status":"publish","type":"post","link":"https:\/\/www.europesays.com\/lv\/11872\/","title":{"rendered":"Brigitas Egl\u012btes jubilej\u0101 bez maksas pieejamas vair\u0101kas re\u017eisores filmas"},"content":{"rendered":"<p>Kinore\u017eisores Brigitas Egl\u012btes jubilej\u0101 Nacion\u0101l\u0101 Kino&#13;<br \/>\ncentra port\u0101ls \u201c<a target=\"_blank\" href=\"https:\/\/www.filmas.lv\/\" rel=\"nofollow noopener\">filmas.lv<\/a>\u201d sadarb\u012bb\u0101 ar&#13;<br \/>\nLatvijas Nacion\u0101l\u0101 arh\u012bva Valsts Kinofotofonodokumentu arh\u012bvu izveidojis&#13;<br \/>\nkolekciju &#8211; viena sp\u0113lfilma, 10 dokument\u0101l\u0101s filmas un 7 kino\u017eurn\u0101li. Izlase&#13;<br \/>\npieejama no 3.oktobra tie\u0161saist\u0113 bez maksas vis\u0101 Latvij\u0101.<\/p>\n<p>Re\u017eisore Brigita Egl\u012bte R\u012bgas kinostudij\u0101 kino\u017eurn\u0101lus s\u0101ka&#13;<br \/>\nveidot 20. gs. 80.gadu nogal\u0113, Atmodas laik\u0101, jau dr\u012bz 90.gadu s\u0101kum\u0101 tapa ar\u012b&#13;<br \/>\npirm\u0101s dokument\u0101l\u0101s \u012bsfilmas, un laikmetam atbilsto\u0161i re\u017eisores filmu tematika&#13;<br \/>\n\u012bpa\u0161i pirmajos darbos cie\u0161i saist\u012bta ar nacion\u0101l\u0101s v\u0113stures un latviskuma&#13;<br \/>\np\u0113t\u012b\u0161anu un atspogu\u013co\u0161anu. Jubilejas kolekcij\u0101 par to liecina dokument\u0101li&#13;<br \/>\ninscen\u0113tais cikls \u201cLatvju p\u016brs pieloc\u012bts\u201d (1990-1993), kur \u010detr\u0101s \u012bsfilm\u0101s&#13;<br \/>\nda\u017e\u0101dos si\u017eetos apskat\u012bti latvie\u0161u tautast\u0113rpi, ar tiem saist\u012btie rokdarbi un&#13;<br \/>\nritu\u0101li &#8211; Zemgales brun\u010du raksti un piecu Vidzemes novadu smalkie rokdarbi,&#13;<br \/>\nk\u0101zu trad\u012bcija Kurzem\u0113 un Mete\u0146os ie\u0161ana Latgal\u0113 (\u0161\u012bs filmas aizkadra tekstu&#13;<br \/>\nierun\u0101jis viens no Latvij\u0101 popul\u0101r\u0101kajiem latgalie\u0161iem, kinore\u017eisors J\u0101nis&#13;<br \/>\nStrei\u010ds).<\/p>\n<p>Patriotiskas noska\u0146as re\u017eisores Brigitas Egl\u012btes rado\u0161aj\u0101&#13;<br \/>\ndarb\u012bb\u0101 turpina vair\u0101kas filmas, kas velt\u012btas k\u0101dai Latvijas valsts jubilejai,&#13;<br \/>\nun pirm\u0101 no t\u0101m bija dokument\u0101l\u0101 \u012bsfilma \u201cLietas\u201d (1997), kur\u0101 Latvijas v\u0113sturi&#13;<br \/>\nbez v\u0101rdiem st\u0101sta tr\u012bs kolekcion\u0101ru kr\u0101tas lietas &#8211; v\u0113sturiski sadz\u012bves&#13;<br \/>\npriek\u0161meti un seni darbar\u012bki, pasaules karu atst\u0101t\u0101s liec\u012bbas un milit\u0101ri&#13;<br \/>\npiederumi. N\u0101kam\u0101s jubilejas gad\u0101 uz ekr\u0101niem izn\u0101ca dokument\u0101l\u0101 filma \u201cDzim\u0161anas&#13;<br \/>\ndiena\u201d (2003) &#8211; st\u0101sts par \u010detriem senioriem, kas dzimu\u0161i vien\u0101 dien\u0101 ar&#13;<br \/>\nLatvijas valsti, 1918. gada 18. novembr\u012b. Vispopul\u0101r\u0101k\u0101 Brigitas Egl\u012btes&#13;<br \/>\n&#8220;jubilejas filma&#8221; ir vien\u012bg\u0101 sp\u0113lfilma vi\u0146as filmogr\u0101fij\u0101 \u2013 \u201cVien\u012bg\u0101&#13;<br \/>\nfotogr\u0101fija\u201d (2008), kur aspr\u0101t\u012bgi apsp\u0113l\u0113ts jaut\u0101jums, k\u0101p\u0113c slavenais&#13;<br \/>\nfotogr\u0101fs Vilis R\u012bdzenieks (lom\u0101 Andris Kei\u0161s) Latvijas valsts proklam\u0113\u0161anas&#13;<br \/>\nbr\u012bd\u012b 1918.gada 18.novembr\u012b uz\u0146\u0113mis tikai vienu fotogr\u0101fiju.<\/p>\n<p>Neparast\u0101 rakurs\u0101 Latvijas v\u0113sturi skata ar\u012b dokument\u0101l\u0101&#13;<br \/>\nfilma \u201cHaris\u201d (2005) &#8211; atrakt\u012bvi veidots un arh\u012bva materi\u0101liem bag\u0101tin\u0101ts&#13;<br \/>\npiedz\u012bvojumu st\u0101sts par padomjlaiku varas sp\u0113l\u0113m un da\u017e\u0101diem notikumiem, ko&#13;<br \/>\nsav\u0101 m\u016b\u017e\u0101 pieredz\u0113jis augsta ranga milicijas darbinieks un vienlaikus L\u0101\u010dpl\u0113\u0161a&#13;<br \/>\nKara orde\u0146a kavaliera d\u0113ls Harijs Grundulis.<\/p>\n<p>Portretfilmas \u017eanr\u0101 veidots st\u0101sts par t\u0113vu un meitu \u2013 \u201cDubultportrets\u201d&#13;<br \/>\n(2016), kur\u0101 satiekas \u013coti popul\u0101rais kinoaktieris Pauls Butk\u0113vi\u010ds un vi\u0146a&#13;<br \/>\nmeita, stomatolo\u0123ijas zin\u0101t\u0146u doktore Al\u0113na Butk\u0113vi\u010da.<\/p>\n<p>Re\u017eisore Brigita Egl\u012bte vair\u0101k\u0101s film\u0101s p\u0113t\u012bjusi atsevi\u0161\u0137us&#13;<br \/>\nsabiedr\u012bbas segmentus &#8211; piem\u0113ram, Valmieras cietum\u0101 film\u0113jusi ieslodz\u012btos, kas&#13;<br \/>\nada ze\u0137es un cimdus b\u0113rnunama b\u0113rniem, film\u0101 \u201cRecid\u012bvisti\u201d (1998) mekl\u0113jot&#13;<br \/>\natbildi uz jaut\u0101jumu, k\u0101 vi\u0146iem iek\u013cauties atpaka\u013c sabiedr\u012bb\u0101. Pavisam cita&#13;<br \/>\nvide un da\u017e\u0101di raksturi redzami sirsn\u012bgaj\u0101 darb\u0101 \u201cSest\u0101 diena\u201d (2019), kas&#13;<br \/>\nfilm\u0113ta Skultes tirg\u016b sestdien\u0101s, kad tur sabrauc p\u0101rdev\u0113ji un pirc\u0113ji,&#13;<br \/>\np\u0101rv\u0113r\u0161ot pagasta centru raib\u0101 festiv\u0101l\u0101.<\/p>\n<p>Interesantu un daudzveid\u012bgu Atmodas laika un 90.gadu&#13;<br \/>\nLatvijas ainu r\u0101da Brigitas Egl\u012btes uz\u0146emtie kino\u017eurn\u0101li Padomju Latvija,&#13;<br \/>\nLatvijas hronika, \u201cM\u0101ksla un Pastar\u012btis\u201d (1988-1994) &#8211; tur ir gan le\u0123end\u0101rais&#13;<br \/>\nkomponists Eduards Rozen\u0161trauhs un \u010detri slaveni karikat\u016bristi (\u0112riks O\u0161s,&#13;<br \/>\nImants Melgailis, Agris Liepi\u0146\u0161, Romans Vitkovskis), gan R\u012bgas Latvie\u0161u&#13;<br \/>\nbiedr\u012bbas atdzim\u0161ana un Latvijas Pasta p\u0101rmai\u0146u laiki, gan komponista Zigmara&#13;<br \/>\nLiepi\u0146a un dzied\u0101t\u0101jas Mirdzas Z\u012bveres \u0123imenes portrets, gan folkloras&#13;<br \/>\nfestiv\u0101ls Baltica \u201994 ar pavisam jauniem grupas Vilki pui\u0161iem un Skandinieku&#13;<br \/>\nle\u0123end\u0101ro Staltu p\u0101ri.<\/p>\n<p>Brigitas Egl\u012btes filmu kolekcija port\u0101l\u0101 filmas.lv skat\u0101ma&#13;<br \/>\nno 3. oktobra, papildinot past\u0101v\u012bgi pieejamo Latvijas kinov\u0113stures kr\u0101jumu&#13;<br \/>\nport\u0101l\u0101 \u201cfilmas.lv\u201d. Paldies par atsauc\u012bbu un sadarb\u012bbu Latvijas Nacion\u0101l\u0101&#13;<br \/>\narh\u012bva Valsts Kinofotofonodokumentu arh\u012bva vad\u012bt\u0101jai Dacei Bu\u0161antei; filmu&#13;<br \/>\nkolekciju veido\u0161anu atbalsta ar\u012b Kult\u016bras inform\u0101cijas sist\u0113mu centrs (KISC),&#13;<br \/>\nkas nodro\u0161ina port\u0101la tehnisko darb\u012bbu.<\/p>\n<p><img decoding=\"async\" src=\"https:\/\/www.europesays.com\/lv\/wp-content\/uploads\/2025\/10\/43fb4f40cce0f1a7fed2189f8bc6e516.jpg\" title=\"Brigita Egl\u012bte. Foto: Filmas.lv\" alt=\"Brigita Egl\u012bte. Foto: Filmas.lv\"\/><\/p>\n<p class=\"article-img-desc\">Brigita Egl\u012bte. Foto: Filmas.lv<\/p>\n","protected":false},"excerpt":{"rendered":"Kinore\u017eisores Brigitas Egl\u012btes jubilej\u0101 Nacion\u0101l\u0101 Kino&#13; centra port\u0101ls \u201cfilmas.lv\u201d sadarb\u012bb\u0101 ar&#13; Latvijas Nacion\u0101l\u0101 arh\u012bva Valsts Kinofotofonodokumentu arh\u012bvu izveidojis&#13;&hellip;\n","protected":false},"author":2,"featured_media":11873,"comment_status":"","ping_status":"","sticky":false,"template":"","format":"standard","meta":{"footnotes":""},"categories":[5],"tags":[129,2089,289,23,28,29,32,33,22,30,31,35,39,38,36,37,34,40,20,26,27,290,2090,291,2091,24,25,21],"class_list":{"0":"post-11872","1":"post","2":"type-post","3":"status-publish","4":"format-standard","5":"has-post-thumbnail","7":"category-aktualitates","8":"tag-__typenameadvicekeyword","9":"tag-id126","10":"tag-id931","11":"tag-aktualitates","12":"tag-breaking-news","13":"tag-breakingnews","14":"tag-featured-news","15":"tag-featurednews","16":"tag-headlines","17":"tag-latest-news","18":"tag-latestnews","19":"tag-latvia","20":"tag-latvian","21":"tag-latviesu","22":"tag-latviesu-valoda","23":"tag-latviesuvaloda","24":"tag-latvija","25":"tag-lv","26":"tag-news","27":"tag-popularakas-zinas","28":"tag-popularakaszinas","29":"tag-slugkultura","30":"tag-slugmovies","31":"tag-titlekultura","32":"tag-titlemovies","33":"tag-top-stories","34":"tag-topstories","35":"tag-zinas"},"share_on_mastodon":{"url":"","error":""},"_links":{"self":[{"href":"https:\/\/www.europesays.com\/lv\/wp-json\/wp\/v2\/posts\/11872","targetHints":{"allow":["GET"]}}],"collection":[{"href":"https:\/\/www.europesays.com\/lv\/wp-json\/wp\/v2\/posts"}],"about":[{"href":"https:\/\/www.europesays.com\/lv\/wp-json\/wp\/v2\/types\/post"}],"author":[{"embeddable":true,"href":"https:\/\/www.europesays.com\/lv\/wp-json\/wp\/v2\/users\/2"}],"replies":[{"embeddable":true,"href":"https:\/\/www.europesays.com\/lv\/wp-json\/wp\/v2\/comments?post=11872"}],"version-history":[{"count":0,"href":"https:\/\/www.europesays.com\/lv\/wp-json\/wp\/v2\/posts\/11872\/revisions"}],"wp:featuredmedia":[{"embeddable":true,"href":"https:\/\/www.europesays.com\/lv\/wp-json\/wp\/v2\/media\/11873"}],"wp:attachment":[{"href":"https:\/\/www.europesays.com\/lv\/wp-json\/wp\/v2\/media?parent=11872"}],"wp:term":[{"taxonomy":"category","embeddable":true,"href":"https:\/\/www.europesays.com\/lv\/wp-json\/wp\/v2\/categories?post=11872"},{"taxonomy":"post_tag","embeddable":true,"href":"https:\/\/www.europesays.com\/lv\/wp-json\/wp\/v2\/tags?post=11872"}],"curies":[{"name":"wp","href":"https:\/\/api.w.org\/{rel}","templated":true}]}}