{"id":118723,"date":"2026-02-01T02:27:16","date_gmt":"2026-02-01T02:27:16","guid":{"rendered":"https:\/\/www.europesays.com\/lv\/118723\/"},"modified":"2026-02-01T02:27:16","modified_gmt":"2026-02-01T02:27:16","slug":"pavasari-notiks-vienotie-iestajparbaudijumi-rigas-valsts-gimnazijas","status":"publish","type":"post","link":"https:\/\/www.europesays.com\/lv\/118723\/","title":{"rendered":"Pavasar\u012b notiks vienotie iest\u0101jp\u0101rbaud\u012bjumi R\u012bgas valsts \u0123imn\u0101zij\u0101s"},"content":{"rendered":"<p>Saska\u0146\u0101 ar groz\u012bjumiem Ministru kabineta noteikumos &#8220;K\u0101rt\u012bba, k\u0101d\u0101 izgl\u012btojamie tiek uz\u0146emti visp\u0101r\u0113j\u0101s izgl\u012bt\u012bbas programm\u0101s un atskait\u012bti no t\u0101m, k\u0101 ar\u012b oblig\u0101t\u0101s pras\u012bbas izgl\u012btojamo p\u0101rcel\u0161anai n\u0101kamaj\u0101 klas\u0113&#8221; pa\u0161vald\u012bba noteiks vienotu k\u0101rt\u012bbu skol\u0113nu uz\u0146em\u0161anai visp\u0101r\u0113j\u0101s vid\u0113j\u0101s izgl\u012bt\u012bbas programm\u0101s, tai skait\u0101 valsts \u0123imn\u0101zij\u0101s.<\/p>\n","protected":false},"excerpt":{"rendered":"Saska\u0146\u0101 ar groz\u012bjumiem Ministru kabineta noteikumos &#8220;K\u0101rt\u012bba, k\u0101d\u0101 izgl\u012btojamie tiek uz\u0146emti visp\u0101r\u0113j\u0101s izgl\u012bt\u012bbas programm\u0101s un atskait\u012bti no t\u0101m,&hellip;\n","protected":false},"author":2,"featured_media":118724,"comment_status":"","ping_status":"","sticky":false,"template":"","format":"standard","meta":{"footnotes":""},"categories":[12],"tags":[23,28,29,32,33,22,30,31,35,39,38,36,37,34,40,20,26,27,24,25,21],"class_list":{"0":"post-118723","1":"post","2":"type-post","3":"status-publish","4":"format-standard","5":"has-post-thumbnail","7":"category-latvija","8":"tag-aktualitates","9":"tag-breaking-news","10":"tag-breakingnews","11":"tag-featured-news","12":"tag-featurednews","13":"tag-headlines","14":"tag-latest-news","15":"tag-latestnews","16":"tag-latvia","17":"tag-latvian","18":"tag-latviesu","19":"tag-latviesu-valoda","20":"tag-latviesuvaloda","21":"tag-latvija","22":"tag-lv","23":"tag-news","24":"tag-popularakas-zinas","25":"tag-popularakaszinas","26":"tag-top-stories","27":"tag-topstories","28":"tag-zinas"},"share_on_mastodon":{"url":"https:\/\/pubeurope.com\/@lv\/115993014631871026","error":""},"_links":{"self":[{"href":"https:\/\/www.europesays.com\/lv\/wp-json\/wp\/v2\/posts\/118723","targetHints":{"allow":["GET"]}}],"collection":[{"href":"https:\/\/www.europesays.com\/lv\/wp-json\/wp\/v2\/posts"}],"about":[{"href":"https:\/\/www.europesays.com\/lv\/wp-json\/wp\/v2\/types\/post"}],"author":[{"embeddable":true,"href":"https:\/\/www.europesays.com\/lv\/wp-json\/wp\/v2\/users\/2"}],"replies":[{"embeddable":true,"href":"https:\/\/www.europesays.com\/lv\/wp-json\/wp\/v2\/comments?post=118723"}],"version-history":[{"count":0,"href":"https:\/\/www.europesays.com\/lv\/wp-json\/wp\/v2\/posts\/118723\/revisions"}],"wp:featuredmedia":[{"embeddable":true,"href":"https:\/\/www.europesays.com\/lv\/wp-json\/wp\/v2\/media\/118724"}],"wp:attachment":[{"href":"https:\/\/www.europesays.com\/lv\/wp-json\/wp\/v2\/media?parent=118723"}],"wp:term":[{"taxonomy":"category","embeddable":true,"href":"https:\/\/www.europesays.com\/lv\/wp-json\/wp\/v2\/categories?post=118723"},{"taxonomy":"post_tag","embeddable":true,"href":"https:\/\/www.europesays.com\/lv\/wp-json\/wp\/v2\/tags?post=118723"}],"curies":[{"name":"wp","href":"https:\/\/api.w.org\/{rel}","templated":true}]}}