{"id":1188,"date":"2025-09-21T23:23:16","date_gmt":"2025-09-21T23:23:16","guid":{"rendered":"https:\/\/www.europesays.com\/lv\/1188\/"},"modified":"2025-09-21T23:23:16","modified_gmt":"2025-09-21T23:23:16","slug":"sudrabs-un-asaras-pec-sirdij-tuvas-cinas-eurobasket-2025-finala-lente-lv","status":"publish","type":"post","link":"https:\/\/www.europesays.com\/lv\/1188\/","title":{"rendered":"sudrabs un asaras p\u0113c sirdij tuvas c\u012b\u0146as EuroBasket 2025 fin\u0101l\u0101\u00a0\u2014\u00a0Lente.lv"},"content":{"rendered":"<p>Sudraba god\u012bba un asaru piln\u0101 atvad\u012b\u0161an\u0101s no R\u012bgas<\/p>\n<p>Turcijas basketbola izlase, atgrie\u017eoties m\u0101j\u0101s no R\u012bg\u0101 notiku\u0161\u0101 Eiropas \u010dempion\u0101ta (EuroBasket 2025), sa\u0146\u0113ma sirdi sildo\u0161u sagaid\u012b\u0161anu, neskatoties uz to, ka fin\u0101l\u0101 n\u0101c\u0101s piek\u0101pties V\u0101cijai ar rezult\u0101tu 88:83. Lidost\u0101 Stambul\u0101 t\u016bksto\u0161iem uztic\u012bgu l\u012bdzjut\u0113ju pulc\u0113j\u0101s, lai godin\u0101tu savu komandu par izc\u012bn\u012bto sudraba meda\u013cu. \u0160is ir otrais sudrabs Turcijas izlases v\u0113stur\u0113 Eiropas \u010dempion\u0101tos, pirmais tika izc\u012bn\u012bts 2001. gad\u0101. Komandas galvenais treneris Ergins Atamans, uzrun\u0101jot emocion\u0101lo fanu p\u016bli, nesp\u0113ja savald\u012bt asaras, pau\u017eot gan lepnumu par komandas sniegumu, gan r\u016bgtumu par zaud\u0113to zeltu.<\/p>\n<p>Atamana emocion\u0101lais v\u0113rt\u0113jums un pateic\u012bba<\/p>\n<p>Sp\u0113les un visa turn\u012bra nosl\u0113gum\u0101 Atamanis preses konferenc\u0113 atzina, ka ir \u013coti v\u012blies par zaud\u0113jumu sp\u0113l\u0113, kuru vi\u0146a komanda kontrol\u0113ja, ta\u010du p\u0113d\u0113j\u0101s min\u016bt\u0113s zaud\u0113ja p\u0101rsvaru. Vi\u0146\u0161 uzsv\u0113ra, ka \u0161obr\u012bd nav \u012bstais br\u012bdis run\u0101t par pozit\u012bvaj\u0101m liet\u0101m, bet gan par r\u016bgtumu un v\u0113lmi p\u0113c revan\u0161a. Tom\u0113r, raugoties uz fanu atbalstu, k\u013cuva skaidrs, ka komandas sniegums ir iepriec\u0113jis daudzus. Lai gan uzvara izsl\u012bd\u0113ja no rok\u0101m, Atamanis pauda pateic\u012bbu savai komandai, treneriem un visiem, kas atbalst\u012bja izlasi \u0161\u012b ce\u013ca garum\u0101. Vi\u0146\u0161 piebilda, ka \u201cV\u0113sture atceras tikai \u010dempionus\u201d, bet vienlaikus ar\u012b uzsv\u0113ra, ka izlase ir par\u0101d\u012bjusi visai Eiropai, ka ir viena no lab\u0101kaj\u0101m turn\u012br\u0101.<\/p>\n<p>EuroBasket 2025 \u2013 v\u0113sturiska noz\u012bme un pla\u0161a rezonanse<\/p>\n<p>EuroBasket 2025, kas norisin\u0101j\u0101s R\u012bg\u0101, apliecin\u0101ja basketbola popularit\u0101ti ne tikai Latvij\u0101, bet ar\u012b vis\u0101 pasaul\u0113. FIBA Eiropas prezidents Jorge Garbajosa nor\u0101d\u012bja, ka \u010dempion\u0101tam ir pla\u0161\u0101ka glob\u0101l\u0101 sasniegt\u012bba nek\u0101 jebkuram citam sporta veida Eiropas \u010dempion\u0101tam, iz\u0146emot futbolu. \u012apa\u0161i iespaid\u012bgs bija Turcijas un Grie\u0137ijas pusfin\u0101la sp\u0113les skat\u012bt\u0101ju skaits \u2013 vair\u0101k nek\u0101 10 miljoni skat\u012bt\u0101ju Turcij\u0101, kas ir rekords basketbola p\u0101rraid\u0113m \u0161aj\u0101 valst\u012b. Ar\u012b cit\u0101s valst\u012bs, piem\u0113ram, Grie\u0137ij\u0101, TV skat\u012bt\u0101ju \u012bpatsvars sasniedza 46%, bet jaunie\u0161u auditorij\u0101 pat 72%. Tas liecina par turn\u012bra milz\u012bgo rezonansi un sp\u0113ju piesaist\u012bt da\u017e\u0101das auditorijas. Ar\u012b digit\u0101lajos kan\u0101los nov\u0113rojams iespaid\u012bgs pieaugums, soci\u0101lo t\u012bklu aktivit\u0101tei dubultojoties sal\u012bdzin\u0101jum\u0101 ar 2022. gada \u010dempion\u0101tu.<\/p>\n<p>R\u012bgas k\u0101 EuroBasket 2025 saimnieces loma<\/p>\n<p>R\u012bga k\u0101 viena no EuroBasket 2025 norises viet\u0101m, \u012bpa\u0161i izsl\u0113g\u0161anas sp\u0113\u013cu un meda\u013cu ma\u010du m\u0101jvieta, sa\u0146\u0113musi pozit\u012bvas atsauksmes no Starptautisk\u0101s basketbola feder\u0101cijas (FIBA) un komandu deleg\u0101cij\u0101m. Lai gan Latvijas basketbola asoci\u0101cijas (LBS) \u0123ener\u0101lsekret\u0101rs un turn\u012bra direktors Kaspars Cipruss atzina, ka pa\u0161reiz\u0113j\u0101 \u201cXiaomi\u201d ar\u0113na da\u017ek\u0101rt bija par mazu, \u012bpa\u0161i ceturtda\u013cfin\u0101la sp\u0113l\u0113 starp Turciju un Poliju, kur\u0101 arena bija aizpild\u012bta tikai l\u012bdz tre\u0161da\u013cai, tom\u0113r kopum\u0101 turn\u012bra organiz\u0101cija tika nov\u0113rt\u0113ta atzin\u012bgi. Cipruss ar\u012b nor\u0101d\u012bja uz nepiecie\u0161am\u012bbu att\u012bst\u012bt infrastrukt\u016bru, lai n\u0101kotn\u0113 var\u0113tu uz\u0146emt v\u0113l v\u0113rien\u012bg\u0101kus pas\u0101kumus, tom\u0113r uzsv\u0113ra, ka LBS galven\u0101 priorit\u0101te ir invest\u0113t jaunatnes basketbol\u0101. Kopum\u0101 R\u012bga pier\u0101d\u012bja sevi k\u0101 sp\u0113j\u012bgu un uzticamu saimnieci, radot iesp\u0113ju atk\u0101rtot l\u012bdz\u012bgus pas\u0101kumus n\u0101kotn\u0113.<\/p>\n","protected":false},"excerpt":{"rendered":"Sudraba god\u012bba un asaru piln\u0101 atvad\u012b\u0161an\u0101s no R\u012bgas Turcijas basketbola izlase, atgrie\u017eoties m\u0101j\u0101s no R\u012bg\u0101 notiku\u0161\u0101 Eiropas \u010dempion\u0101ta&hellip;\n","protected":false},"author":2,"featured_media":1189,"comment_status":"","ping_status":"","sticky":false,"template":"","format":"standard","meta":{"footnotes":""},"categories":[17],"tags":[796,744,35,39,38,36,37,34,40,172,67,797,795],"class_list":{"0":"post-1188","1":"post","2":"type-post","3":"status-publish","4":"format-standard","5":"has-post-thumbnail","7":"category-sports","8":"tag-ergins-atamans","9":"tag-eurobasket-2025","10":"tag-latvia","11":"tag-latvian","12":"tag-latviesu","13":"tag-latviesu-valoda","14":"tag-latviesuvaloda","15":"tag-latvija","16":"tag-lv","17":"tag-riga","18":"tag-sports","19":"tag-sudraba-medala","20":"tag-turcijas-basketbola-izlase"},"share_on_mastodon":{"url":"","error":""},"_links":{"self":[{"href":"https:\/\/www.europesays.com\/lv\/wp-json\/wp\/v2\/posts\/1188","targetHints":{"allow":["GET"]}}],"collection":[{"href":"https:\/\/www.europesays.com\/lv\/wp-json\/wp\/v2\/posts"}],"about":[{"href":"https:\/\/www.europesays.com\/lv\/wp-json\/wp\/v2\/types\/post"}],"author":[{"embeddable":true,"href":"https:\/\/www.europesays.com\/lv\/wp-json\/wp\/v2\/users\/2"}],"replies":[{"embeddable":true,"href":"https:\/\/www.europesays.com\/lv\/wp-json\/wp\/v2\/comments?post=1188"}],"version-history":[{"count":0,"href":"https:\/\/www.europesays.com\/lv\/wp-json\/wp\/v2\/posts\/1188\/revisions"}],"wp:featuredmedia":[{"embeddable":true,"href":"https:\/\/www.europesays.com\/lv\/wp-json\/wp\/v2\/media\/1189"}],"wp:attachment":[{"href":"https:\/\/www.europesays.com\/lv\/wp-json\/wp\/v2\/media?parent=1188"}],"wp:term":[{"taxonomy":"category","embeddable":true,"href":"https:\/\/www.europesays.com\/lv\/wp-json\/wp\/v2\/categories?post=1188"},{"taxonomy":"post_tag","embeddable":true,"href":"https:\/\/www.europesays.com\/lv\/wp-json\/wp\/v2\/tags?post=1188"}],"curies":[{"name":"wp","href":"https:\/\/api.w.org\/{rel}","templated":true}]}}