{"id":11886,"date":"2025-10-04T01:47:09","date_gmt":"2025-10-04T01:47:09","guid":{"rendered":"https:\/\/www.europesays.com\/lv\/11886\/"},"modified":"2025-10-04T01:47:09","modified_gmt":"2025-10-04T01:47:09","slug":"tjumins-priece-ar-lielisku-cinu-par-medalam-un-top10-vietu-ec-junioriem-ritenbrauksana-sportacentrs-com","status":"publish","type":"post","link":"https:\/\/www.europesays.com\/lv\/11886\/","title":{"rendered":"Tjumins priec\u0113 ar lielisku c\u012b\u0146u par meda\u013c\u0101m un TOP10 vietu E\u010c junioriem \u2013 Rite\u0146brauk\u0161ana \u2013 Sportacentrs.com"},"content":{"rendered":"<p>Juniori veica 103,4 kilometru garu distanci, kas bija sadal\u012bta divos 30 un divos 17 kilometru garos ap\u013cos. Sacens\u012bbu trase bija \u013coti k\u0101pumiem bag\u0101ta. Lielajos ap\u013cos tika pievar\u0113ts teju 7 kilometru gar\u0161 k\u0101pums, kam sekoja \u013coti \u0101trs un tehnisks nobrauciens, bet otraj\u0101 ap\u013ca pus\u0113 rite\u0146brauc\u0113ji pievar\u0113ja 1,5 kilometru garu st\u0101vu k\u0101pumu.<\/p>\n<p>Pirmie kilometri l\u012bdz kalnam, k\u0101 jau gaid\u012bts, bija \u013coti nervozi. Notika ar\u012b vair\u0101ki kritieni. Jau braucot kaln\u0101, p\u0113c sadursmes ar turku brauc\u0113ju krita Helvijs Kancers. Vi\u0146\u0161 zaud\u0113ja kontaktu ar vado\u0161o grupu un p\u0113c ilgsto\u0161as c\u012b\u0146as izst\u0101j\u0101s. L\u012bdz\u012bgs liktenis piemekl\u0113ja ar\u012b D\u0101nielu Apsi \u2014 smiltenietim tehniskas probl\u0113mas ar velosip\u0113da \u0137\u0113di ne\u013c\u0101va pac\u012bn\u012bties par fini\u0161u.<\/p>\n<p>Georgs Tjumins tikm\u0113r stabili brauca vado\u0161aj\u0101 grup\u0101. Liel\u0101k\u0101 c\u012b\u0146a par poz\u012bciju notika otraj\u0101 lielaj\u0101 apl\u012b, tom\u0113r m\u016bsu sportists sp\u0113ja tur\u0113ties vado\u0161aj\u0101 pulk\u0101. Jau \u012bsi pirms pirm\u0101 maz\u0101 ap\u013ca priek\u0161\u0101 izveidoj\u0101s 11 brauc\u0113ju liela l\u012bderu grupa. Lai ar\u012b Georgs s\u0101kotn\u0113ji nebija \u0161aj\u0101 grup\u0101, tom\u0113r vi\u0146\u0161 sp\u0113ja p\u0101rcelties pie l\u012bderiem. Latvietis t\u0101d\u0113j\u0101di sevi pieteica k\u0101 nopietnu pretendentu uz \u013coti augstu vietu.<\/p>\n<p>Priek\u0161p\u0113d\u0113j\u0101 apl\u012b solo atr\u0101vien\u0101 dev\u0101s It\u0101lijas sportists Roberto Kapello, kur\u0161 iekr\u0101ja teju 1 min\u016bti lielu vad\u012bbu. P\u0113d\u0113j\u0101 apl\u012b vi\u0146u pan\u0101kt vienatn\u0113 sp\u0113ja v\u0101cietis Karls Hercogs, kur\u0161 ar\u012b beig\u0101s aizbrauca solo atr\u0101vien\u0101 un skaist\u0101 c\u012b\u0146\u0101 k\u013cuva par Eiropas \u010dempionu. Tras\u0113 vi\u0146\u0161 pavad\u012bja 2 stundas 44 min\u016btes un 34 sekundes. Kapello fini\u0161\u0113ja otrais (+00:00:13), bet TOP 3 nosl\u0113dza \u012brs D\u0101vids Gafnijs.<\/p>\n<p>Georgs Tjumins p\u0113d\u0113j\u0101 ap\u013ca beig\u0101s sp\u0113ja sadeld\u0113t d\u0101\u0146u un po\u013cu brauc\u0113ju p\u0101rsvaru, re\u0101li c\u012bnoties par TOP 4. Fini\u0161a spurtam gan sp\u0113ki bija nedaudz par maz. Tom\u0113r fini\u0161s 10. viet\u0101 ir viens no visu laiku lab\u0101kajiem Latvijas junioru pan\u0101kumiem Eiropas \u010dempion\u0101tos. Georgs uzvar\u0113t\u0101jam zaud\u0113ja 56 sekundes.<\/p>\n<p>Dienas pirmaj\u0101 pus\u0113 sacens\u012bbas aizvad\u012bja juniores. Nepilnu 70 kilometru garaj\u0101 distanc\u0113 dev\u0101s ar\u012b Laura Klismete un Katr\u012bna Amanda Kozlovska. Nedaudz lab\u0101k veic\u0101s Klismetei, kura p\u0113c pirm\u0101 ap\u013ca bija vado\u0161aj\u0101 grup\u0101. Tom\u0113r otraj\u0101 apl\u012b vi\u0146a atpalika un l\u012bdz\u012bgi k\u0101 Kozlovska c\u012bn\u012bj\u0101s sekot\u0101ju grup\u0101s. Fini\u0161u sasniedza Laura, kura ierindoj\u0101s 88. viet\u0101 (+00:17:48). Diem\u017e\u0113l Katr\u012bna Amanda p\u0113d\u0113j\u0101 apl\u012b krita un bija spiesta izst\u0101ties.<\/p>\n<p>Jau r\u012bt \u010dempion\u0101ts turpin\u0101sies ar U23 v\u012bru sacens\u012bb\u0101m grupas braucien\u0101, kuru s\u0101kums p\u0113c Latvijas laika gaid\u0101ms pulksten 10.00. Latviju p\u0101rst\u0101v\u0113s Olivers J\u0113kabs Skrapcis, K\u0101rlis Klismets un Rainers Zviedris.<\/p>\n<p>Izmantotie resursi:<br \/>lrf.lv<\/p>\n","protected":false},"excerpt":{"rendered":"Juniori veica 103,4 kilometru garu distanci, kas bija sadal\u012bta divos 30 un divos 17 kilometru garos ap\u013cos. Sacens\u012bbu&hellip;\n","protected":false},"author":2,"featured_media":11887,"comment_status":"","ping_status":"","sticky":false,"template":"","format":"standard","meta":{"footnotes":""},"categories":[17],"tags":[35,39,38,36,37,34,40,462,67],"class_list":{"0":"post-11886","1":"post","2":"type-post","3":"status-publish","4":"format-standard","5":"has-post-thumbnail","7":"category-sports","8":"tag-latvia","9":"tag-latvian","10":"tag-latviesu","11":"tag-latviesu-valoda","12":"tag-latviesuvaloda","13":"tag-latvija","14":"tag-lv","15":"tag-ritenbrauksana","16":"tag-sports"},"share_on_mastodon":{"url":"","error":""},"_links":{"self":[{"href":"https:\/\/www.europesays.com\/lv\/wp-json\/wp\/v2\/posts\/11886","targetHints":{"allow":["GET"]}}],"collection":[{"href":"https:\/\/www.europesays.com\/lv\/wp-json\/wp\/v2\/posts"}],"about":[{"href":"https:\/\/www.europesays.com\/lv\/wp-json\/wp\/v2\/types\/post"}],"author":[{"embeddable":true,"href":"https:\/\/www.europesays.com\/lv\/wp-json\/wp\/v2\/users\/2"}],"replies":[{"embeddable":true,"href":"https:\/\/www.europesays.com\/lv\/wp-json\/wp\/v2\/comments?post=11886"}],"version-history":[{"count":0,"href":"https:\/\/www.europesays.com\/lv\/wp-json\/wp\/v2\/posts\/11886\/revisions"}],"wp:featuredmedia":[{"embeddable":true,"href":"https:\/\/www.europesays.com\/lv\/wp-json\/wp\/v2\/media\/11887"}],"wp:attachment":[{"href":"https:\/\/www.europesays.com\/lv\/wp-json\/wp\/v2\/media?parent=11886"}],"wp:term":[{"taxonomy":"category","embeddable":true,"href":"https:\/\/www.europesays.com\/lv\/wp-json\/wp\/v2\/categories?post=11886"},{"taxonomy":"post_tag","embeddable":true,"href":"https:\/\/www.europesays.com\/lv\/wp-json\/wp\/v2\/tags?post=11886"}],"curies":[{"name":"wp","href":"https:\/\/api.w.org\/{rel}","templated":true}]}}