{"id":11894,"date":"2025-10-04T02:04:25","date_gmt":"2025-10-04T02:04:25","guid":{"rendered":"https:\/\/www.europesays.com\/lv\/11894\/"},"modified":"2025-10-04T02:04:25","modified_gmt":"2025-10-04T02:04:25","slug":"intars-busulis-un-abonementa-orkestris-aicina-uz-ziemassvetku-koncertiem-kadikisu-ieloka-lente-lv","status":"publish","type":"post","link":"https:\/\/www.europesays.com\/lv\/11894\/","title":{"rendered":"Intars Busulis un &#8220;Abonementa&#8221; or\u0137estris aicina uz Ziemassv\u0113tku koncertiem &#8220;Kadi\u0137\u012b\u0161u ielok\u0101&#8230;&#8221;\u00a0\u2014\u00a0Lente.lv"},"content":{"rendered":"<p>Intara Busu\u013ca Ziemassv\u0113tku koncerti atgrie\u017eas ar &#8220;Kadi\u0137\u012b\u0161u ielok\u0101&#8230;&#8221;<\/p>\n<p>\u0160\u012b gada decembr\u012b, tuvojoties sv\u0113tku noska\u0146ai, Intars Busulis kop\u0101 ar savu uzticamo &#8220;Abonementa&#8221; or\u0137estri aicina uz \u012bpa\u0161iem Ziemassv\u0113tku koncertiem Latvijas pils\u0113t\u0101s. Koncertu cikls, kas nosaukts par &#8220;Kadi\u0137\u012b\u0161u ielok\u0101\u2026&#8221;, sol\u0101s b\u016bt sirsn\u012bgs un muzik\u0101ls piedz\u012bvojums ikvienam.<\/p>\n<p>Muzik\u0101la d\u0101vana ar dv\u0113selisku piesk\u0101rienu<\/p>\n<p>\u0160ie koncerti pied\u0101v\u0101s gan ori\u0123in\u0101lkompoz\u012bcijas, kas rad\u012btas Intara Busu\u013ca un talant\u012bg\u0101 komponista K\u0101r\u013ca L\u0101\u010da sadarb\u012bb\u0101, gan ar\u012b iem\u012b\u013cotas Ziemassv\u0113tku melodijas jaun\u0101s, svaig\u0101s aran\u017eij\u0101s. K\u0101rlis L\u0101cis, kur\u0161 paz\u012bstams ar savu sp\u0113ju pie\u0161\u0137irt m\u016bzikai dzi\u013cumu un kr\u0101sas, atkal b\u016bs blakus Busulim, radot ska\u0146darbus, kas aizkustina un uzrun\u0101 sirdi. Intars Busulis pats uzsver, ka \u0161ajos koncertos tiks mekl\u0113ts tas, kas patie\u0161\u0101m ir svar\u012bgs sv\u0113tkos, radot int\u012bmu un kop\u012bbas saj\u016btu. Tas ir k\u0101 atgrie\u0161an\u0101s pie sv\u0113tku b\u016bt\u012bbas caur m\u016bzikas valodu.<\/p>\n<p>Koncertu norises vietas un programma<\/p>\n<p>Koncerti notiks vair\u0101k\u0101s Latvijas pils\u0113t\u0101s, sniedzot iesp\u0113ju pla\u0161\u0101kam skat\u012bt\u0101ju lokam baud\u012bt \u0161o sv\u0113tku programmu. Prec\u012bzi datumi un norises vietas ir \u0161\u0101das: 17. un 18. decembr\u012b Liep\u0101j\u0101, koncertz\u0101l\u0113 &#8220;Lielais dzintars&#8221;; 23. decembr\u012b R\u012bg\u0101, Dailes te\u0101tr\u012b; 25. decembr\u012b C\u0113s\u012bs, Vidzemes koncertz\u0101l\u0113 &#8220;C\u0113sis&#8221;; un 27. decembr\u012b R\u0113zekn\u0113, Latgales v\u0113stniec\u012bb\u0101 &#8220;Gors&#8221;. Katr\u0101 no \u0161iem pas\u0101kumiem klaus\u012bt\u0101jus sagaid\u012bs ne tikai Intars Busulis un &#8220;Abonementa&#8221; or\u0137estris, bet ar\u012b vi\u0146a muzik\u0101lie domubiedri, tai skait\u0101 pianists K\u0101rlis L\u0101cis, \u0123it\u0101rists Kaspars Zem\u012btis, saksofonists M\u0101ris J\u0113kabsons un citi talant\u012bgi m\u016bzi\u0137i. Bi\u013cetes uz koncertiem ir pieejamas &#8220;Bi\u013ce\u0161u parad\u012bzes&#8221; t\u012bkl\u0101.<\/p>\n","protected":false},"excerpt":{"rendered":"Intara Busu\u013ca Ziemassv\u0113tku koncerti atgrie\u017eas ar &#8220;Kadi\u0137\u012b\u0161u ielok\u0101&#8230;&#8221; \u0160\u012b gada decembr\u012b, tuvojoties sv\u0113tku noska\u0146ai, Intars Busulis kop\u0101 ar&hellip;\n","protected":false},"author":2,"featured_media":11895,"comment_status":"","ping_status":"","sticky":false,"template":"","format":"standard","meta":{"footnotes":""},"categories":[19],"tags":[4324,89,4322,90,4323,4325,35,39,38,36,37,34,40,3038],"class_list":{"0":"post-11894","1":"post","2":"type-post","3":"status-publish","4":"format-standard","5":"has-post-thumbnail","7":"category-izklaide","8":"tag-abonementa-orkestris","9":"tag-entertainment","10":"tag-intars-busulis","11":"tag-izklaide","12":"tag-kadikisu-ieloka","13":"tag-karlis-lacis","14":"tag-latvia","15":"tag-latvian","16":"tag-latviesu","17":"tag-latviesu-valoda","18":"tag-latviesuvaloda","19":"tag-latvija","20":"tag-lv","21":"tag-ziemassvetku-koncerti"},"share_on_mastodon":{"url":"","error":""},"_links":{"self":[{"href":"https:\/\/www.europesays.com\/lv\/wp-json\/wp\/v2\/posts\/11894","targetHints":{"allow":["GET"]}}],"collection":[{"href":"https:\/\/www.europesays.com\/lv\/wp-json\/wp\/v2\/posts"}],"about":[{"href":"https:\/\/www.europesays.com\/lv\/wp-json\/wp\/v2\/types\/post"}],"author":[{"embeddable":true,"href":"https:\/\/www.europesays.com\/lv\/wp-json\/wp\/v2\/users\/2"}],"replies":[{"embeddable":true,"href":"https:\/\/www.europesays.com\/lv\/wp-json\/wp\/v2\/comments?post=11894"}],"version-history":[{"count":0,"href":"https:\/\/www.europesays.com\/lv\/wp-json\/wp\/v2\/posts\/11894\/revisions"}],"wp:featuredmedia":[{"embeddable":true,"href":"https:\/\/www.europesays.com\/lv\/wp-json\/wp\/v2\/media\/11895"}],"wp:attachment":[{"href":"https:\/\/www.europesays.com\/lv\/wp-json\/wp\/v2\/media?parent=11894"}],"wp:term":[{"taxonomy":"category","embeddable":true,"href":"https:\/\/www.europesays.com\/lv\/wp-json\/wp\/v2\/categories?post=11894"},{"taxonomy":"post_tag","embeddable":true,"href":"https:\/\/www.europesays.com\/lv\/wp-json\/wp\/v2\/tags?post=11894"}],"curies":[{"name":"wp","href":"https:\/\/api.w.org\/{rel}","templated":true}]}}