{"id":11896,"date":"2025-10-04T02:05:10","date_gmt":"2025-10-04T02:05:10","guid":{"rendered":"https:\/\/www.europesays.com\/lv\/11896\/"},"modified":"2025-10-04T02:05:10","modified_gmt":"2025-10-04T02:05:10","slug":"barsas-spideklim-jamalam-diskomforts-kaunuma-zona-izlaidis-vairakas-nedelas-futbols-sportacentrs-com","status":"publish","type":"post","link":"https:\/\/www.europesays.com\/lv\/11896\/","title":{"rendered":"Barsas sp\u012bdeklim Jamalam diskomforts kaunuma zon\u0101, izlaid\u012bs vair\u0101kas ned\u0113\u013cas \u2013 Futbols \u2013 Sportacentrs.com"},"content":{"rendered":"<p>&#8221;Diskomforts kaunuma apvid\u016b, ko Lamins Jamals izjutis jau iepriek\u0161, atkal atgriezies p\u0113c ma\u010da pret Par\u012bzes &#8221;Saint-Germain&#8221;. Vi\u0146\u0161 nesp\u0113l\u0113s pret &#8221;Sevilla&#8221;, un prognoz\u0113tais atlab\u0161anas laiks ir divas l\u012bdz tr\u012bs ned\u0113\u013cas,&#8221; teikts &#8221;Barcelona&#8221; pazi\u0146ojum\u0101.<\/p>\n<p>Jamals ma\u010d\u0101 pret PSG nosp\u0113l\u0113ja no zvana l\u012bdz zvanam, atz\u012bm\u0113joties ar dzelteno kart\u012bti. T\u0101 bija otr\u0101 sp\u0101\u0146u supertalanta sp\u0113le p\u0113c atgrie\u0161an\u0101s no iepriek\u0161\u0113j\u0101 kaunuma zonas savainojuma, k\u0101 d\u0113\u013c Jamals septembr\u012b izlaida \u010detras &#8221;Barcelona&#8221; sp\u0113les.<\/p>\n<p>18 gadus vecais futbolists \u0161aj\u0101 sezon\u0101 piedal\u012bjies \u010detr\u0101s &#8221;LaLiga&#8221; c\u012b\u0146\u0101s, atz\u012bm\u0113joties ar diviem v\u0101rtiem un tr\u012bs rezultat\u012bv\u0101m piesp\u0113l\u0113m.<\/p>\n<p>&#8221;Barcelona&#8221; n\u0101kam\u0101 sp\u0113le pret &#8221;Sevilla&#8221; gaid\u0101ma 5. oktobr\u012b pulksten 17.15 p\u0113c Latvijas laika, bet p\u0113c izla\u0161u pauzes 18. oktobr\u012b gaid\u0101ma sp\u0113le m\u0101j\u0101s pret \u017dironu.<\/p>\n<p>Izmantotie resursi:<br \/><a target=\"_blank\" href=\"https:\/\/x.com\/FCBarcelona\/status\/1974118198560895274\" rel=\"nofollow\">https:\/\/x.com\/FCBarcelona\/status\/19&#8230;<\/a><\/p>\n","protected":false},"excerpt":{"rendered":"&#8221;Diskomforts kaunuma apvid\u016b, ko Lamins Jamals izjutis jau iepriek\u0161, atkal atgriezies p\u0113c ma\u010da pret Par\u012bzes &#8221;Saint-Germain&#8221;. Vi\u0146\u0161 nesp\u0113l\u0113s&hellip;\n","protected":false},"author":2,"featured_media":11897,"comment_status":"","ping_status":"","sticky":false,"template":"","format":"standard","meta":{"footnotes":""},"categories":[17],"tags":[676,35,39,38,36,37,34,40,67],"class_list":{"0":"post-11896","1":"post","2":"type-post","3":"status-publish","4":"format-standard","5":"has-post-thumbnail","7":"category-sports","8":"tag-futbols","9":"tag-latvia","10":"tag-latvian","11":"tag-latviesu","12":"tag-latviesu-valoda","13":"tag-latviesuvaloda","14":"tag-latvija","15":"tag-lv","16":"tag-sports"},"share_on_mastodon":{"url":"","error":""},"_links":{"self":[{"href":"https:\/\/www.europesays.com\/lv\/wp-json\/wp\/v2\/posts\/11896","targetHints":{"allow":["GET"]}}],"collection":[{"href":"https:\/\/www.europesays.com\/lv\/wp-json\/wp\/v2\/posts"}],"about":[{"href":"https:\/\/www.europesays.com\/lv\/wp-json\/wp\/v2\/types\/post"}],"author":[{"embeddable":true,"href":"https:\/\/www.europesays.com\/lv\/wp-json\/wp\/v2\/users\/2"}],"replies":[{"embeddable":true,"href":"https:\/\/www.europesays.com\/lv\/wp-json\/wp\/v2\/comments?post=11896"}],"version-history":[{"count":0,"href":"https:\/\/www.europesays.com\/lv\/wp-json\/wp\/v2\/posts\/11896\/revisions"}],"wp:featuredmedia":[{"embeddable":true,"href":"https:\/\/www.europesays.com\/lv\/wp-json\/wp\/v2\/media\/11897"}],"wp:attachment":[{"href":"https:\/\/www.europesays.com\/lv\/wp-json\/wp\/v2\/media?parent=11896"}],"wp:term":[{"taxonomy":"category","embeddable":true,"href":"https:\/\/www.europesays.com\/lv\/wp-json\/wp\/v2\/categories?post=11896"},{"taxonomy":"post_tag","embeddable":true,"href":"https:\/\/www.europesays.com\/lv\/wp-json\/wp\/v2\/tags?post=11896"}],"curies":[{"name":"wp","href":"https:\/\/api.w.org\/{rel}","templated":true}]}}