{"id":11906,"date":"2025-10-04T02:23:12","date_gmt":"2025-10-04T02:23:12","guid":{"rendered":"https:\/\/www.europesays.com\/lv\/11906\/"},"modified":"2025-10-04T02:23:12","modified_gmt":"2025-10-04T02:23:12","slug":"orientierists-upitis-labakais-no-latviesiem-kalnu-un-taku-skriesanas-pasaules-cempionata-citi-sporta-veidi-sportacentrs-com","status":"publish","type":"post","link":"https:\/\/www.europesays.com\/lv\/11906\/","title":{"rendered":"Orientierists Up\u012btis lab\u0101kais no latvie\u0161iem kalnu un taku skrie\u0161anas pasaules \u010dempion\u0101t\u0101 \u2013 Citi sporta veidi \u2013 Sportacentrs.com"},"content":{"rendered":"<p>Up\u012btis piedal\u012bj\u0101s div\u0101s discipl\u012bn\u0101s un ab\u0101s bija lab\u0101kais no visiem Latvijas sportistiem! UPHILL distanc\u0113 (6.4 km vertik\u0101lais skr\u0113jiens ar 990 metru k\u0101pumu) Uldis 132 sportistu konkurenc\u0113 ierindoj\u0101s 89. viet\u0101, bet MOUNTAIN CLASSIC distanc\u0113 (14.3 km un 800 k\u0101puma metri) fini\u0161\u0113ja 83. viet\u0101.<\/p>\n<p>\u201ePirmo reizi dz\u012bv\u0113 uzvilku Latvijas izlases formu k\u0101d\u0101 cit\u0101 sporta veid\u0101, nevis orient\u0113\u0161an\u0101s. Pateicoties tam, ka p\u0113d\u0113jos gados p\u0101ris reizes biju noskr\u0113jis diezgan labi da\u017e\u0101d\u0101s taku skrie\u0161anas sacens\u012bb\u0101s, mani uzaicin\u0101ja piedal\u012bties Pasaules taku un kalnu skrie\u0161anas \u010dempion\u0101t\u0101. Diem\u017e\u0113l kop\u0161 Pasaules sp\u0113l\u0113m \u0136\u012bn\u0101 vair\u0101kas reizes saslimu, kas ietekm\u0113ja treni\u0146u procesu, un ar\u012b fizisk\u0101 forma netuvu bija t\u0101da, k\u0101du v\u0113l\u0113tos. Protams, centos izdar\u012bt maksimumu, ko var\u0113ju, un c\u012bn\u012bjos, cik varu,&#8221; skaidro Latvijas \u010dempions orient\u0113\u0161an\u0101s sport\u0101.<\/p>\n<p>&#8220;Vietas rezult\u0101tos ir \u013coti zemas, bet, sal\u012bdzinot ar visiem p\u0101r\u0113jiem Baltijas sportistiem, neizskat\u0101s vairs slikti. Tas gan nav nek\u0101ds mans m\u0113r\u0137is vai sag\u0101d\u0101tu lielu prieku. \u0160o sacens\u012bbu un dal\u012bbnieku l\u012bmenis ir tie\u0161\u0101m augsts, piedal\u0101s ar\u012b daudz vair\u0101k valstu, turkl\u0101t vairums konkur\u0113tsp\u0113j\u012bgas. Jauna pieredze ir ieg\u016bta, un tagad zinu, k\u0101 viss tur notiek, un, iesp\u0113jams, atgriez\u012b\u0161os n\u0101kamaj\u0101 \u010dempion\u0101t\u0101 p\u0113c diviem gadiem,\u201d par debiju Pasaules kalnu un taku skrie\u0161anas \u010dempion\u0101t\u0101 teic Latvijas izlases orientierists Uldis Up\u012btis.<\/p>\n<p>Inform\u0101ciju sagatavoja<br \/>Juris Vaidakovs<br \/>Izmantotie resursi:<br \/><a target=\"_blank\" href=\"http:\/\/www.lof.lv\" rel=\"nofollow noopener\">\u25ea Latvijas Orient\u0113\u0161an\u0101s feder\u0101cija &#8211; S\u0101kums<\/a><\/p>\n","protected":false},"excerpt":{"rendered":"Up\u012btis piedal\u012bj\u0101s div\u0101s discipl\u012bn\u0101s un ab\u0101s bija lab\u0101kais no visiem Latvijas sportistiem! UPHILL distanc\u0113 (6.4 km vertik\u0101lais skr\u0113jiens&hellip;\n","protected":false},"author":2,"featured_media":11907,"comment_status":"","ping_status":"","sticky":false,"template":"","format":"standard","meta":{"footnotes":""},"categories":[17],"tags":[1303,35,39,38,36,37,34,40,67],"class_list":{"0":"post-11906","1":"post","2":"type-post","3":"status-publish","4":"format-standard","5":"has-post-thumbnail","7":"category-sports","8":"tag-citi-sporta-veidi","9":"tag-latvia","10":"tag-latvian","11":"tag-latviesu","12":"tag-latviesu-valoda","13":"tag-latviesuvaloda","14":"tag-latvija","15":"tag-lv","16":"tag-sports"},"share_on_mastodon":{"url":"","error":""},"_links":{"self":[{"href":"https:\/\/www.europesays.com\/lv\/wp-json\/wp\/v2\/posts\/11906","targetHints":{"allow":["GET"]}}],"collection":[{"href":"https:\/\/www.europesays.com\/lv\/wp-json\/wp\/v2\/posts"}],"about":[{"href":"https:\/\/www.europesays.com\/lv\/wp-json\/wp\/v2\/types\/post"}],"author":[{"embeddable":true,"href":"https:\/\/www.europesays.com\/lv\/wp-json\/wp\/v2\/users\/2"}],"replies":[{"embeddable":true,"href":"https:\/\/www.europesays.com\/lv\/wp-json\/wp\/v2\/comments?post=11906"}],"version-history":[{"count":0,"href":"https:\/\/www.europesays.com\/lv\/wp-json\/wp\/v2\/posts\/11906\/revisions"}],"wp:featuredmedia":[{"embeddable":true,"href":"https:\/\/www.europesays.com\/lv\/wp-json\/wp\/v2\/media\/11907"}],"wp:attachment":[{"href":"https:\/\/www.europesays.com\/lv\/wp-json\/wp\/v2\/media?parent=11906"}],"wp:term":[{"taxonomy":"category","embeddable":true,"href":"https:\/\/www.europesays.com\/lv\/wp-json\/wp\/v2\/categories?post=11906"},{"taxonomy":"post_tag","embeddable":true,"href":"https:\/\/www.europesays.com\/lv\/wp-json\/wp\/v2\/tags?post=11906"}],"curies":[{"name":"wp","href":"https:\/\/api.w.org\/{rel}","templated":true}]}}